{"id":10088,"date":"2021-03-19T14:41:28","date_gmt":"2021-03-19T13:41:28","guid":{"rendered":"https:\/\/www.hausamstrom.de\/?p=10088"},"modified":"2022-01-25T17:00:21","modified_gmt":"2022-01-25T16:00:21","slug":"sendung-im-br-am-22-03-2021-ueber-das-weidenpavillion","status":"publish","type":"post","link":"https:\/\/www.hausamstrom.de\/de\/sendung-im-br-am-22-03-2021-ueber-das-weidenpavillion\/","title":{"rendered":"Sendung im BR am 22.03.2021 \u00fcber das Weidenpavillon"},"content":{"rendered":"<p><span data-offset-key=\"3bcva-0-0\">Am Montag den 22.03.2021 um 19 Uhr wird im BR in der Sendung \u201cQueerbeet\u201d ein Beitrag \u00fcber das Weidenpavillon laufen. Uns w\u00fcrde es freuen, wenn Sie den Film anschauen und wenn das Haus am Strom wieder auf hat, Sie es sich live ansehen. <\/span>\u00dcber den Link ist es m\u00f6glich den Beitrag ab Montag online anzusehen. Link: https:\/\/www.br.de\/br-fernsehen\/sendungen\/querbeet\/querbeet-weidenpavillon-flechten-100.html<\/p>\n<p><img loading=\"lazy\" decoding=\"async\" class=\"size-medium wp-image-10089 aligncenter\" src=\"https:\/\/www.hausamstrom.de\/wp-content\/uploads\/2021\/03\/IMG_6412-400x267.jpg\" alt=\"\" width=\"400\" height=\"267\" srcset=\"https:\/\/www.hausamstrom.de\/wp-content\/uploads\/2021\/03\/IMG_6412-400x267.jpg 400w, https:\/\/www.hausamstrom.de\/wp-content\/uploads\/2021\/03\/IMG_6412-1024x683.jpg 1024w, https:\/\/www.hausamstrom.de\/wp-content\/uploads\/2021\/03\/IMG_6412-1536x1024.jpg 1536w, https:\/\/www.hausamstrom.de\/wp-content\/uploads\/2021\/03\/IMG_6412-2048x1365.jpg 2048w, https:\/\/www.hausamstrom.de\/wp-content\/uploads\/2021\/03\/IMG_6412-540x360.jpg 540w, https:\/\/www.hausamstrom.de\/wp-content\/uploads\/2021\/03\/IMG_6412-600x400.jpg 600w, https:\/\/www.hausamstrom.de\/wp-content\/uploads\/2021\/03\/IMG_6412-750x500.jpg 750w\" sizes=\"auto, (max-width: 400px) 100vw, 400px\" \/><\/p>\n","protected":false},"excerpt":{"rendered":"<p>Am Montag den 22.03.2021 um 19 Uhr wird im BR in der Sendung \u201cQueerbeet\u201d ein Beitrag \u00fcber das Weidenpavillon laufen. Uns w\u00fcrde es freuen, wenn Sie den Film anschauen und wenn das Haus am Strom wieder auf hat, Sie es sich live ansehen. \u00dcber den Link ist es m\u00f6glich den Beitrag ab Montag online anzusehen. [&hellip;]<\/p>\n","protected":false},"author":1,"featured_media":0,"comment_status":"open","ping_status":"closed","sticky":false,"template":"","format":"standard","meta":{"footnotes":""},"categories":[181,178],"tags":[],"class_list":["post-10088","post","type-post","status-publish","format-standard","hentry","category-aussengelaende","category-sonstiges"],"yoast_head":"<!-- This site is optimized with the Yoast SEO plugin v27.5 - https:\/\/yoast.com\/product\/yoast-seo-wordpress\/ -->\n<title>Sendung im BR am 22.03.2021 \u00fcber das Weidenpavillon - Haus am Strom<\/title>\n<meta name=\"robots\" content=\"index, follow, max-snippet:-1, max-image-preview:large, max-video-preview:-1\" \/>\n<link rel=\"canonical\" href=\"https:\/\/www.hausamstrom.de\/de\/sendung-im-br-am-22-03-2021-ueber-das-weidenpavillion\/\" \/>\n<meta property=\"og:locale\" content=\"de_DE\" \/>\n<meta property=\"og:type\" content=\"article\" \/>\n<meta property=\"og:title\" content=\"Sendung im BR am 22.03.2021 \u00fcber das Weidenpavillon - Haus am Strom\" \/>\n<meta property=\"og:description\" content=\"Am Montag den 22.03.2021 um 19 Uhr wird im BR in der Sendung \u201cQueerbeet\u201d ein Beitrag \u00fcber das Weidenpavillon laufen. Uns w\u00fcrde es freuen, wenn Sie den Film anschauen und wenn das Haus am Strom wieder auf hat, Sie es sich live ansehen. \u00dcber den Link ist es m\u00f6glich den Beitrag ab Montag online anzusehen. [&hellip;]\" \/>\n<meta property=\"og:url\" content=\"https:\/\/www.hausamstrom.de\/de\/sendung-im-br-am-22-03-2021-ueber-das-weidenpavillion\/\" \/>\n<meta property=\"og:site_name\" content=\"Haus am Strom\" \/>\n<meta property=\"article:publisher\" content=\"https:\/\/www.facebook.com\/hausamstrom\" \/>\n<meta property=\"article:published_time\" content=\"2021-03-19T13:41:28+00:00\" \/>\n<meta property=\"article:modified_time\" content=\"2022-01-25T16:00:21+00:00\" \/>\n<meta property=\"og:image\" content=\"https:\/\/www.hausamstrom.de\/wp-content\/uploads\/2021\/03\/IMG_6412-400x267.jpg\" \/>\n<meta name=\"author\" content=\"Haus am Strom Redaktion\" \/>\n<meta name=\"twitter:card\" content=\"summary_large_image\" \/>\n<meta name=\"twitter:label1\" content=\"Verfasst von\" \/>\n\t<meta name=\"twitter:data1\" content=\"Haus am Strom Redaktion\" \/>\n<script type=\"application\/ld+json\" class=\"yoast-schema-graph\">{\"@context\":\"https:\\\/\\\/schema.org\",\"@graph\":[{\"@type\":\"Article\",\"@id\":\"https:\\\/\\\/www.hausamstrom.de\\\/de\\\/sendung-im-br-am-22-03-2021-ueber-das-weidenpavillion\\\/#article\",\"isPartOf\":{\"@id\":\"https:\\\/\\\/www.hausamstrom.de\\\/de\\\/sendung-im-br-am-22-03-2021-ueber-das-weidenpavillion\\\/\"},\"author\":{\"name\":\"Haus am Strom Redaktion\",\"@id\":\"https:\\\/\\\/www.hausamstrom.de\\\/de\\\/#\\\/schema\\\/person\\\/a3b0cdb507952bbf987dca5ea1cd9bd2\"},\"headline\":\"Sendung im BR am 22.03.2021 \u00fcber das Weidenpavillon\",\"datePublished\":\"2021-03-19T13:41:28+00:00\",\"dateModified\":\"2022-01-25T16:00:21+00:00\",\"mainEntityOfPage\":{\"@id\":\"https:\\\/\\\/www.hausamstrom.de\\\/de\\\/sendung-im-br-am-22-03-2021-ueber-das-weidenpavillion\\\/\"},\"wordCount\":72,\"commentCount\":0,\"publisher\":{\"@id\":\"https:\\\/\\\/www.hausamstrom.de\\\/de\\\/#organization\"},\"image\":{\"@id\":\"https:\\\/\\\/www.hausamstrom.de\\\/de\\\/sendung-im-br-am-22-03-2021-ueber-das-weidenpavillion\\\/#primaryimage\"},\"thumbnailUrl\":\"https:\\\/\\\/www.hausamstrom.de\\\/wp-content\\\/uploads\\\/2021\\\/03\\\/IMG_6412-400x267.jpg\",\"articleSection\":[\"Au\u00dfengel\u00e4nde\",\"Sonstiges\"],\"inLanguage\":\"de\",\"potentialAction\":[{\"@type\":\"CommentAction\",\"name\":\"Comment\",\"target\":[\"https:\\\/\\\/www.hausamstrom.de\\\/de\\\/sendung-im-br-am-22-03-2021-ueber-das-weidenpavillion\\\/#respond\"]}]},{\"@type\":\"WebPage\",\"@id\":\"https:\\\/\\\/www.hausamstrom.de\\\/de\\\/sendung-im-br-am-22-03-2021-ueber-das-weidenpavillion\\\/\",\"url\":\"https:\\\/\\\/www.hausamstrom.de\\\/de\\\/sendung-im-br-am-22-03-2021-ueber-das-weidenpavillion\\\/\",\"name\":\"Sendung im BR am 22.03.2021 \u00fcber das Weidenpavillon - Haus am Strom\",\"isPartOf\":{\"@id\":\"https:\\\/\\\/www.hausamstrom.de\\\/de\\\/#website\"},\"primaryImageOfPage\":{\"@id\":\"https:\\\/\\\/www.hausamstrom.de\\\/de\\\/sendung-im-br-am-22-03-2021-ueber-das-weidenpavillion\\\/#primaryimage\"},\"image\":{\"@id\":\"https:\\\/\\\/www.hausamstrom.de\\\/de\\\/sendung-im-br-am-22-03-2021-ueber-das-weidenpavillion\\\/#primaryimage\"},\"thumbnailUrl\":\"https:\\\/\\\/www.hausamstrom.de\\\/wp-content\\\/uploads\\\/2021\\\/03\\\/IMG_6412-400x267.jpg\",\"datePublished\":\"2021-03-19T13:41:28+00:00\",\"dateModified\":\"2022-01-25T16:00:21+00:00\",\"breadcrumb\":{\"@id\":\"https:\\\/\\\/www.hausamstrom.de\\\/de\\\/sendung-im-br-am-22-03-2021-ueber-das-weidenpavillion\\\/#breadcrumb\"},\"inLanguage\":\"de\",\"potentialAction\":[{\"@type\":\"ReadAction\",\"target\":[\"https:\\\/\\\/www.hausamstrom.de\\\/de\\\/sendung-im-br-am-22-03-2021-ueber-das-weidenpavillion\\\/\"]}]},{\"@type\":\"ImageObject\",\"inLanguage\":\"de\",\"@id\":\"https:\\\/\\\/www.hausamstrom.de\\\/de\\\/sendung-im-br-am-22-03-2021-ueber-das-weidenpavillion\\\/#primaryimage\",\"url\":\"https:\\\/\\\/www.hausamstrom.de\\\/wp-content\\\/uploads\\\/2021\\\/03\\\/IMG_6412-400x267.jpg\",\"contentUrl\":\"https:\\\/\\\/www.hausamstrom.de\\\/wp-content\\\/uploads\\\/2021\\\/03\\\/IMG_6412-400x267.jpg\"},{\"@type\":\"BreadcrumbList\",\"@id\":\"https:\\\/\\\/www.hausamstrom.de\\\/de\\\/sendung-im-br-am-22-03-2021-ueber-das-weidenpavillion\\\/#breadcrumb\",\"itemListElement\":[{\"@type\":\"ListItem\",\"position\":1,\"name\":\"Home\",\"item\":\"https:\\\/\\\/www.hausamstrom.de\\\/de\\\/\"},{\"@type\":\"ListItem\",\"position\":2,\"name\":\"Sendung im BR am 22.03.2021 \u00fcber das Weidenpavillon\"}]},{\"@type\":\"WebSite\",\"@id\":\"https:\\\/\\\/www.hausamstrom.de\\\/de\\\/#website\",\"url\":\"https:\\\/\\\/www.hausamstrom.de\\\/de\\\/\",\"name\":\"Haus am Strom\",\"description\":\"Umweltbildungsstation im Passauer Donautal. Umweltbildung und Naturschutz f\u00fcr Kinder und Erwachsenen.\",\"publisher\":{\"@id\":\"https:\\\/\\\/www.hausamstrom.de\\\/de\\\/#organization\"},\"potentialAction\":[{\"@type\":\"SearchAction\",\"target\":{\"@type\":\"EntryPoint\",\"urlTemplate\":\"https:\\\/\\\/www.hausamstrom.de\\\/de\\\/?s={search_term_string}\"},\"query-input\":{\"@type\":\"PropertyValueSpecification\",\"valueRequired\":true,\"valueName\":\"search_term_string\"}}],\"inLanguage\":\"de\"},{\"@type\":\"Organization\",\"@id\":\"https:\\\/\\\/www.hausamstrom.de\\\/de\\\/#organization\",\"name\":\"Haus am Strom\",\"url\":\"https:\\\/\\\/www.hausamstrom.de\\\/de\\\/\",\"logo\":{\"@type\":\"ImageObject\",\"inLanguage\":\"de\",\"@id\":\"https:\\\/\\\/www.hausamstrom.de\\\/de\\\/#\\\/schema\\\/logo\\\/image\\\/\",\"url\":\"https:\\\/\\\/www.hausamstrom.de\\\/wp-content\\\/uploads\\\/2025\\\/06\\\/Logo-quadratisch-1024x1024.jpg\",\"contentUrl\":\"https:\\\/\\\/www.hausamstrom.de\\\/wp-content\\\/uploads\\\/2025\\\/06\\\/Logo-quadratisch-1024x1024.jpg\",\"width\":1024,\"height\":1024,\"caption\":\"Haus am Strom\"},\"image\":{\"@id\":\"https:\\\/\\\/www.hausamstrom.de\\\/de\\\/#\\\/schema\\\/logo\\\/image\\\/\"},\"sameAs\":[\"https:\\\/\\\/www.facebook.com\\\/hausamstrom\",\"https:\\\/\\\/www.instagram.com\\\/\"]},{\"@type\":\"Person\",\"@id\":\"https:\\\/\\\/www.hausamstrom.de\\\/de\\\/#\\\/schema\\\/person\\\/a3b0cdb507952bbf987dca5ea1cd9bd2\",\"name\":\"Haus am Strom Redaktion\",\"image\":{\"@type\":\"ImageObject\",\"inLanguage\":\"de\",\"@id\":\"https:\\\/\\\/www.hausamstrom.de\\\/wp-content\\\/uploads\\\/2016\\\/02\\\/Eidechse-Loch-150x150.jpg\",\"url\":\"https:\\\/\\\/www.hausamstrom.de\\\/wp-content\\\/uploads\\\/2016\\\/02\\\/Eidechse-Loch-150x150.jpg\",\"contentUrl\":\"https:\\\/\\\/www.hausamstrom.de\\\/wp-content\\\/uploads\\\/2016\\\/02\\\/Eidechse-Loch-150x150.jpg\",\"caption\":\"Haus am Strom Redaktion\"},\"url\":\"https:\\\/\\\/www.hausamstrom.de\\\/de\\\/author\\\/eidechse-has\\\/\"}]}<\/script>\n<!-- \/ Yoast SEO plugin. -->","yoast_head_json":{"title":"Sendung im BR am 22.03.2021 \u00fcber das Weidenpavillon - Haus am Strom","robots":{"index":"index","follow":"follow","max-snippet":"max-snippet:-1","max-image-preview":"max-image-preview:large","max-video-preview":"max-video-preview:-1"},"canonical":"https:\/\/www.hausamstrom.de\/de\/sendung-im-br-am-22-03-2021-ueber-das-weidenpavillion\/","og_locale":"de_DE","og_type":"article","og_title":"Sendung im BR am 22.03.2021 \u00fcber das Weidenpavillon - Haus am Strom","og_description":"Am Montag den 22.03.2021 um 19 Uhr wird im BR in der Sendung \u201cQueerbeet\u201d ein Beitrag \u00fcber das Weidenpavillon laufen. Uns w\u00fcrde es freuen, wenn Sie den Film anschauen und wenn das Haus am Strom wieder auf hat, Sie es sich live ansehen. \u00dcber den Link ist es m\u00f6glich den Beitrag ab Montag online anzusehen. [&hellip;]","og_url":"https:\/\/www.hausamstrom.de\/de\/sendung-im-br-am-22-03-2021-ueber-das-weidenpavillion\/","og_site_name":"Haus am Strom","article_publisher":"https:\/\/www.facebook.com\/hausamstrom","article_published_time":"2021-03-19T13:41:28+00:00","article_modified_time":"2022-01-25T16:00:21+00:00","og_image":[{"url":"https:\/\/www.hausamstrom.de\/wp-content\/uploads\/2021\/03\/IMG_6412-400x267.jpg","type":"","width":"","height":""}],"author":"Haus am Strom Redaktion","twitter_card":"summary_large_image","twitter_misc":{"Verfasst von":"Haus am Strom Redaktion"},"schema":{"@context":"https:\/\/schema.org","@graph":[{"@type":"Article","@id":"https:\/\/www.hausamstrom.de\/de\/sendung-im-br-am-22-03-2021-ueber-das-weidenpavillion\/#article","isPartOf":{"@id":"https:\/\/www.hausamstrom.de\/de\/sendung-im-br-am-22-03-2021-ueber-das-weidenpavillion\/"},"author":{"name":"Haus am Strom Redaktion","@id":"https:\/\/www.hausamstrom.de\/de\/#\/schema\/person\/a3b0cdb507952bbf987dca5ea1cd9bd2"},"headline":"Sendung im BR am 22.03.2021 \u00fcber das Weidenpavillon","datePublished":"2021-03-19T13:41:28+00:00","dateModified":"2022-01-25T16:00:21+00:00","mainEntityOfPage":{"@id":"https:\/\/www.hausamstrom.de\/de\/sendung-im-br-am-22-03-2021-ueber-das-weidenpavillion\/"},"wordCount":72,"commentCount":0,"publisher":{"@id":"https:\/\/www.hausamstrom.de\/de\/#organization"},"image":{"@id":"https:\/\/www.hausamstrom.de\/de\/sendung-im-br-am-22-03-2021-ueber-das-weidenpavillion\/#primaryimage"},"thumbnailUrl":"https:\/\/www.hausamstrom.de\/wp-content\/uploads\/2021\/03\/IMG_6412-400x267.jpg","articleSection":["Au\u00dfengel\u00e4nde","Sonstiges"],"inLanguage":"de","potentialAction":[{"@type":"CommentAction","name":"Comment","target":["https:\/\/www.hausamstrom.de\/de\/sendung-im-br-am-22-03-2021-ueber-das-weidenpavillion\/#respond"]}]},{"@type":"WebPage","@id":"https:\/\/www.hausamstrom.de\/de\/sendung-im-br-am-22-03-2021-ueber-das-weidenpavillion\/","url":"https:\/\/www.hausamstrom.de\/de\/sendung-im-br-am-22-03-2021-ueber-das-weidenpavillion\/","name":"Sendung im BR am 22.03.2021 \u00fcber das Weidenpavillon - Haus am Strom","isPartOf":{"@id":"https:\/\/www.hausamstrom.de\/de\/#website"},"primaryImageOfPage":{"@id":"https:\/\/www.hausamstrom.de\/de\/sendung-im-br-am-22-03-2021-ueber-das-weidenpavillion\/#primaryimage"},"image":{"@id":"https:\/\/www.hausamstrom.de\/de\/sendung-im-br-am-22-03-2021-ueber-das-weidenpavillion\/#primaryimage"},"thumbnailUrl":"https:\/\/www.hausamstrom.de\/wp-content\/uploads\/2021\/03\/IMG_6412-400x267.jpg","datePublished":"2021-03-19T13:41:28+00:00","dateModified":"2022-01-25T16:00:21+00:00","breadcrumb":{"@id":"https:\/\/www.hausamstrom.de\/de\/sendung-im-br-am-22-03-2021-ueber-das-weidenpavillion\/#breadcrumb"},"inLanguage":"de","potentialAction":[{"@type":"ReadAction","target":["https:\/\/www.hausamstrom.de\/de\/sendung-im-br-am-22-03-2021-ueber-das-weidenpavillion\/"]}]},{"@type":"ImageObject","inLanguage":"de","@id":"https:\/\/www.hausamstrom.de\/de\/sendung-im-br-am-22-03-2021-ueber-das-weidenpavillion\/#primaryimage","url":"https:\/\/www.hausamstrom.de\/wp-content\/uploads\/2021\/03\/IMG_6412-400x267.jpg","contentUrl":"https:\/\/www.hausamstrom.de\/wp-content\/uploads\/2021\/03\/IMG_6412-400x267.jpg"},{"@type":"BreadcrumbList","@id":"https:\/\/www.hausamstrom.de\/de\/sendung-im-br-am-22-03-2021-ueber-das-weidenpavillion\/#breadcrumb","itemListElement":[{"@type":"ListItem","position":1,"name":"Home","item":"https:\/\/www.hausamstrom.de\/de\/"},{"@type":"ListItem","position":2,"name":"Sendung im BR am 22.03.2021 \u00fcber das Weidenpavillon"}]},{"@type":"WebSite","@id":"https:\/\/www.hausamstrom.de\/de\/#website","url":"https:\/\/www.hausamstrom.de\/de\/","name":"Haus am Strom","description":"Umweltbildungsstation im Passauer Donautal. Umweltbildung und Naturschutz f\u00fcr Kinder und Erwachsenen.","publisher":{"@id":"https:\/\/www.hausamstrom.de\/de\/#organization"},"potentialAction":[{"@type":"SearchAction","target":{"@type":"EntryPoint","urlTemplate":"https:\/\/www.hausamstrom.de\/de\/?s={search_term_string}"},"query-input":{"@type":"PropertyValueSpecification","valueRequired":true,"valueName":"search_term_string"}}],"inLanguage":"de"},{"@type":"Organization","@id":"https:\/\/www.hausamstrom.de\/de\/#organization","name":"Haus am Strom","url":"https:\/\/www.hausamstrom.de\/de\/","logo":{"@type":"ImageObject","inLanguage":"de","@id":"https:\/\/www.hausamstrom.de\/de\/#\/schema\/logo\/image\/","url":"https:\/\/www.hausamstrom.de\/wp-content\/uploads\/2025\/06\/Logo-quadratisch-1024x1024.jpg","contentUrl":"https:\/\/www.hausamstrom.de\/wp-content\/uploads\/2025\/06\/Logo-quadratisch-1024x1024.jpg","width":1024,"height":1024,"caption":"Haus am Strom"},"image":{"@id":"https:\/\/www.hausamstrom.de\/de\/#\/schema\/logo\/image\/"},"sameAs":["https:\/\/www.facebook.com\/hausamstrom","https:\/\/www.instagram.com\/"]},{"@type":"Person","@id":"https:\/\/www.hausamstrom.de\/de\/#\/schema\/person\/a3b0cdb507952bbf987dca5ea1cd9bd2","name":"Haus am Strom Redaktion","image":{"@type":"ImageObject","inLanguage":"de","@id":"https:\/\/www.hausamstrom.de\/wp-content\/uploads\/2016\/02\/Eidechse-Loch-150x150.jpg","url":"https:\/\/www.hausamstrom.de\/wp-content\/uploads\/2016\/02\/Eidechse-Loch-150x150.jpg","contentUrl":"https:\/\/www.hausamstrom.de\/wp-content\/uploads\/2016\/02\/Eidechse-Loch-150x150.jpg","caption":"Haus am Strom Redaktion"},"url":"https:\/\/www.hausamstrom.de\/de\/author\/eidechse-has\/"}]}},"_links":{"self":[{"href":"https:\/\/www.hausamstrom.de\/de\/wp-json\/wp\/v2\/posts\/10088","targetHints":{"allow":["GET"]}}],"collection":[{"href":"https:\/\/www.hausamstrom.de\/de\/wp-json\/wp\/v2\/posts"}],"about":[{"href":"https:\/\/www.hausamstrom.de\/de\/wp-json\/wp\/v2\/types\/post"}],"author":[{"embeddable":true,"href":"https:\/\/www.hausamstrom.de\/de\/wp-json\/wp\/v2\/users\/1"}],"replies":[{"embeddable":true,"href":"https:\/\/www.hausamstrom.de\/de\/wp-json\/wp\/v2\/comments?post=10088"}],"version-history":[{"count":4,"href":"https:\/\/www.hausamstrom.de\/de\/wp-json\/wp\/v2\/posts\/10088\/revisions"}],"predecessor-version":[{"id":10570,"href":"https:\/\/www.hausamstrom.de\/de\/wp-json\/wp\/v2\/posts\/10088\/revisions\/10570"}],"wp:attachment":[{"href":"https:\/\/www.hausamstrom.de\/de\/wp-json\/wp\/v2\/media?parent=10088"}],"wp:term":[{"taxonomy":"category","embeddable":true,"href":"https:\/\/www.hausamstrom.de\/de\/wp-json\/wp\/v2\/categories?post=10088"},{"taxonomy":"post_tag","embeddable":true,"href":"https:\/\/www.hausamstrom.de\/de\/wp-json\/wp\/v2\/tags?post=10088"}],"curies":[{"name":"wp","href":"https:\/\/api.w.org\/{rel}","templated":true}]}}