{"id":10459,"date":"2021-11-26T17:34:35","date_gmt":"2021-11-26T16:34:35","guid":{"rendered":"https:\/\/www.hausamstrom.de\/?p=10459"},"modified":"2021-12-01T11:07:48","modified_gmt":"2021-12-01T10:07:48","slug":"digitale-ausstellung-natur-im-fokus-2020","status":"publish","type":"post","link":"https:\/\/www.hausamstrom.de\/de\/digitale-ausstellung-natur-im-fokus-2020\/","title":{"rendered":"Digitale Ausstellung &#8220;Natur im Fokus&#8221; 2020"},"content":{"rendered":"<p style=\"text-align: left;\">Begr\u00fc\u00dft mit uns die digitale Ausstellung der preistragenden Bilder vom Fotowettbewerb \u201cNatur im Fokus\u201d 2020! Wegen des Lockdowns sind die Fotos leider nicht mehr in unserem Kieselraum zug\u00e4nglich, daher wollen wir sie online pr\u00e4sentieren.<\/p>\n<p>\u00a0<\/p>\n<p style=\"text-align: left;\"><img loading=\"lazy\" decoding=\"async\" class=\" wp-image-10460 alignright\" src=\"https:\/\/www.hausamstrom.de\/wp-content\/uploads\/2021\/11\/Schwamm-Feuerer-284x400.jpg\" alt=\"\" width=\"275\" height=\"387\" srcset=\"https:\/\/www.hausamstrom.de\/wp-content\/uploads\/2021\/11\/Schwamm-Feuerer-284x400.jpg 284w, https:\/\/www.hausamstrom.de\/wp-content\/uploads\/2021\/11\/Schwamm-Feuerer-728x1024.jpg 728w, https:\/\/www.hausamstrom.de\/wp-content\/uploads\/2021\/11\/Schwamm-Feuerer-1092x1536.jpg 1092w, https:\/\/www.hausamstrom.de\/wp-content\/uploads\/2021\/11\/Schwamm-Feuerer-1457x2048.jpg 1457w, https:\/\/www.hausamstrom.de\/wp-content\/uploads\/2021\/11\/Schwamm-Feuerer-750x1055.jpg 750w, https:\/\/www.hausamstrom.de\/wp-content\/uploads\/2021\/11\/Schwamm-Feuerer-540x759.jpg 540w, https:\/\/www.hausamstrom.de\/wp-content\/uploads\/2021\/11\/Schwamm-Feuerer.jpg 1500w\" sizes=\"auto, (max-width: 275px) 100vw, 275px\" \/>Kinder und Jugendliche zwischen 7 und 18 Jahren in Bayern haben selbstgeschossene Fotos von der \u00f6rtlichen Natur eingesendet. Weniger die technische Perfektion der Bilder, sondern der Ansto\u00df zum Entdecken der Natur ist das Ziel von Natur im Fokus.<\/p>\n<p style=\"text-align: left;\">Zwei Kategorien gibt es im diesj\u00e4hrigen Wettbewerb. Einmal \u201cdie Natur als Baumeisterin\u201d, wo Wunderwerke von Pflanzen und Tieren betrachtet werden. Ob \u201cMorgentau\u201d, das sich im Spinnennetz sammelt, die Wespe, welche als Bauherrin ein kunstvolles Nest entwirft, oder das natureigene Ger\u00fcst eines Blatts \u2013 alles eine Meisterarbeit f\u00fcr sich. Weiterhin tritt \u201cdie Natur als Malerin\u201d auf, wenn mal wieder ein bunter Regenbogen im Himmel steht oder der gl\u00fchende Sonnenuntergang beinahe aus einem Gem\u00e4lde stammen k\u00f6nnte. Auch in dezenteren Motiven kann Sch\u00f6nheit stecken, wie zum Beispiel im geheimnisvollen \u201cZaubernebel\u201d.<\/p>\n<p>Hier geht es zur online-Ausstellung:<\/p>\n<p>Die Natur als Baumeisterin:<\/p>\n<p><a href=\"https:\/\/www.natur-im-fokus.bayern.de\/gewinner2020_a.htm\">https:\/\/www.natur-im-fokus.bayern.de\/gewinner2020_a.htm<\/a><\/p>\n<p>Die Natur als Malerin:<\/p>\n<p><a href=\"https:\/\/www.natur-im-fokus.bayern.de\/gewinner2020_b.htm\">https:\/\/www.natur-im-fokus.bayern.de\/gewinner2020_b.htm<\/a><\/p>\n","protected":false},"excerpt":{"rendered":"<p>Begr\u00fc\u00dft mit uns die digitale Ausstellung der preistragenden Bilder vom Fotowettbewerb \u201cNatur im Fokus\u201d 2020! Wegen des Lockdowns sind die Fotos leider nicht mehr in unserem Kieselraum zug\u00e4nglich, daher wollen wir sie online pr\u00e4sentieren. \u00a0 Kinder und Jugendliche zwischen 7 und 18 Jahren in Bayern haben selbstgeschossene Fotos von der \u00f6rtlichen Natur eingesendet. Weniger die [&hellip;]<\/p>\n","protected":false},"author":1,"featured_media":0,"comment_status":"open","ping_status":"closed","sticky":false,"template":"","format":"standard","meta":{"footnotes":""},"categories":[177],"tags":[],"class_list":["post-10459","post","type-post","status-publish","format-standard","hentry","category-ausstellung"],"yoast_head":"<!-- This site is optimized with the Yoast SEO plugin v27.5 - https:\/\/yoast.com\/product\/yoast-seo-wordpress\/ -->\n<title>Digitale Ausstellung &quot;Natur im Fokus&quot; 2020 - Haus am Strom<\/title>\n<meta name=\"robots\" content=\"index, follow, max-snippet:-1, max-image-preview:large, max-video-preview:-1\" \/>\n<link rel=\"canonical\" href=\"https:\/\/www.hausamstrom.de\/de\/digitale-ausstellung-natur-im-fokus-2020\/\" \/>\n<meta property=\"og:locale\" content=\"de_DE\" \/>\n<meta property=\"og:type\" content=\"article\" \/>\n<meta property=\"og:title\" content=\"Digitale Ausstellung &quot;Natur im Fokus&quot; 2020 - Haus am Strom\" \/>\n<meta property=\"og:description\" content=\"Begr\u00fc\u00dft mit uns die digitale Ausstellung der preistragenden Bilder vom Fotowettbewerb \u201cNatur im Fokus\u201d 2020! Wegen des Lockdowns sind die Fotos leider nicht mehr in unserem Kieselraum zug\u00e4nglich, daher wollen wir sie online pr\u00e4sentieren. \u00a0 Kinder und Jugendliche zwischen 7 und 18 Jahren in Bayern haben selbstgeschossene Fotos von der \u00f6rtlichen Natur eingesendet. Weniger die [&hellip;]\" \/>\n<meta property=\"og:url\" content=\"https:\/\/www.hausamstrom.de\/de\/digitale-ausstellung-natur-im-fokus-2020\/\" \/>\n<meta property=\"og:site_name\" content=\"Haus am Strom\" \/>\n<meta property=\"article:publisher\" content=\"https:\/\/www.facebook.com\/hausamstrom\" \/>\n<meta property=\"article:published_time\" content=\"2021-11-26T16:34:35+00:00\" \/>\n<meta property=\"article:modified_time\" content=\"2021-12-01T10:07:48+00:00\" \/>\n<meta property=\"og:image\" content=\"https:\/\/www.hausamstrom.de\/wp-content\/uploads\/2021\/11\/Schwamm-Feuerer-284x400.jpg\" \/>\n<meta name=\"author\" content=\"Haus am Strom Redaktion\" \/>\n<meta name=\"twitter:card\" content=\"summary_large_image\" \/>\n<meta name=\"twitter:label1\" content=\"Verfasst von\" \/>\n\t<meta name=\"twitter:data1\" content=\"Haus am Strom Redaktion\" \/>\n\t<meta name=\"twitter:label2\" content=\"Gesch\u00e4tzte Lesezeit\" \/>\n\t<meta name=\"twitter:data2\" content=\"1\u00a0Minute\" \/>\n<script type=\"application\/ld+json\" class=\"yoast-schema-graph\">{\"@context\":\"https:\\\/\\\/schema.org\",\"@graph\":[{\"@type\":\"Article\",\"@id\":\"https:\\\/\\\/www.hausamstrom.de\\\/de\\\/digitale-ausstellung-natur-im-fokus-2020\\\/#article\",\"isPartOf\":{\"@id\":\"https:\\\/\\\/www.hausamstrom.de\\\/de\\\/digitale-ausstellung-natur-im-fokus-2020\\\/\"},\"author\":{\"name\":\"Haus am Strom Redaktion\",\"@id\":\"https:\\\/\\\/www.hausamstrom.de\\\/de\\\/#\\\/schema\\\/person\\\/a3b0cdb507952bbf987dca5ea1cd9bd2\"},\"headline\":\"Digitale Ausstellung &#8220;Natur im Fokus&#8221; 2020\",\"datePublished\":\"2021-11-26T16:34:35+00:00\",\"dateModified\":\"2021-12-01T10:07:48+00:00\",\"mainEntityOfPage\":{\"@id\":\"https:\\\/\\\/www.hausamstrom.de\\\/de\\\/digitale-ausstellung-natur-im-fokus-2020\\\/\"},\"wordCount\":201,\"commentCount\":0,\"publisher\":{\"@id\":\"https:\\\/\\\/www.hausamstrom.de\\\/de\\\/#organization\"},\"image\":{\"@id\":\"https:\\\/\\\/www.hausamstrom.de\\\/de\\\/digitale-ausstellung-natur-im-fokus-2020\\\/#primaryimage\"},\"thumbnailUrl\":\"https:\\\/\\\/www.hausamstrom.de\\\/wp-content\\\/uploads\\\/2021\\\/11\\\/Schwamm-Feuerer-284x400.jpg\",\"articleSection\":[\"Ausstellung\"],\"inLanguage\":\"de\",\"potentialAction\":[{\"@type\":\"CommentAction\",\"name\":\"Comment\",\"target\":[\"https:\\\/\\\/www.hausamstrom.de\\\/de\\\/digitale-ausstellung-natur-im-fokus-2020\\\/#respond\"]}]},{\"@type\":\"WebPage\",\"@id\":\"https:\\\/\\\/www.hausamstrom.de\\\/de\\\/digitale-ausstellung-natur-im-fokus-2020\\\/\",\"url\":\"https:\\\/\\\/www.hausamstrom.de\\\/de\\\/digitale-ausstellung-natur-im-fokus-2020\\\/\",\"name\":\"Digitale Ausstellung \\\"Natur im Fokus\\\" 2020 - Haus am Strom\",\"isPartOf\":{\"@id\":\"https:\\\/\\\/www.hausamstrom.de\\\/de\\\/#website\"},\"primaryImageOfPage\":{\"@id\":\"https:\\\/\\\/www.hausamstrom.de\\\/de\\\/digitale-ausstellung-natur-im-fokus-2020\\\/#primaryimage\"},\"image\":{\"@id\":\"https:\\\/\\\/www.hausamstrom.de\\\/de\\\/digitale-ausstellung-natur-im-fokus-2020\\\/#primaryimage\"},\"thumbnailUrl\":\"https:\\\/\\\/www.hausamstrom.de\\\/wp-content\\\/uploads\\\/2021\\\/11\\\/Schwamm-Feuerer-284x400.jpg\",\"datePublished\":\"2021-11-26T16:34:35+00:00\",\"dateModified\":\"2021-12-01T10:07:48+00:00\",\"breadcrumb\":{\"@id\":\"https:\\\/\\\/www.hausamstrom.de\\\/de\\\/digitale-ausstellung-natur-im-fokus-2020\\\/#breadcrumb\"},\"inLanguage\":\"de\",\"potentialAction\":[{\"@type\":\"ReadAction\",\"target\":[\"https:\\\/\\\/www.hausamstrom.de\\\/de\\\/digitale-ausstellung-natur-im-fokus-2020\\\/\"]}]},{\"@type\":\"ImageObject\",\"inLanguage\":\"de\",\"@id\":\"https:\\\/\\\/www.hausamstrom.de\\\/de\\\/digitale-ausstellung-natur-im-fokus-2020\\\/#primaryimage\",\"url\":\"https:\\\/\\\/www.hausamstrom.de\\\/wp-content\\\/uploads\\\/2021\\\/11\\\/Schwamm-Feuerer-284x400.jpg\",\"contentUrl\":\"https:\\\/\\\/www.hausamstrom.de\\\/wp-content\\\/uploads\\\/2021\\\/11\\\/Schwamm-Feuerer-284x400.jpg\"},{\"@type\":\"BreadcrumbList\",\"@id\":\"https:\\\/\\\/www.hausamstrom.de\\\/de\\\/digitale-ausstellung-natur-im-fokus-2020\\\/#breadcrumb\",\"itemListElement\":[{\"@type\":\"ListItem\",\"position\":1,\"name\":\"Home\",\"item\":\"https:\\\/\\\/www.hausamstrom.de\\\/de\\\/\"},{\"@type\":\"ListItem\",\"position\":2,\"name\":\"Digitale Ausstellung &#8220;Natur im Fokus&#8221; 2020\"}]},{\"@type\":\"WebSite\",\"@id\":\"https:\\\/\\\/www.hausamstrom.de\\\/de\\\/#website\",\"url\":\"https:\\\/\\\/www.hausamstrom.de\\\/de\\\/\",\"name\":\"Haus am Strom\",\"description\":\"Umweltbildungsstation im Passauer Donautal. Umweltbildung und Naturschutz f\u00fcr Kinder und Erwachsenen.\",\"publisher\":{\"@id\":\"https:\\\/\\\/www.hausamstrom.de\\\/de\\\/#organization\"},\"potentialAction\":[{\"@type\":\"SearchAction\",\"target\":{\"@type\":\"EntryPoint\",\"urlTemplate\":\"https:\\\/\\\/www.hausamstrom.de\\\/de\\\/?s={search_term_string}\"},\"query-input\":{\"@type\":\"PropertyValueSpecification\",\"valueRequired\":true,\"valueName\":\"search_term_string\"}}],\"inLanguage\":\"de\"},{\"@type\":\"Organization\",\"@id\":\"https:\\\/\\\/www.hausamstrom.de\\\/de\\\/#organization\",\"name\":\"Haus am Strom\",\"url\":\"https:\\\/\\\/www.hausamstrom.de\\\/de\\\/\",\"logo\":{\"@type\":\"ImageObject\",\"inLanguage\":\"de\",\"@id\":\"https:\\\/\\\/www.hausamstrom.de\\\/de\\\/#\\\/schema\\\/logo\\\/image\\\/\",\"url\":\"https:\\\/\\\/www.hausamstrom.de\\\/wp-content\\\/uploads\\\/2025\\\/06\\\/Logo-quadratisch-1024x1024.jpg\",\"contentUrl\":\"https:\\\/\\\/www.hausamstrom.de\\\/wp-content\\\/uploads\\\/2025\\\/06\\\/Logo-quadratisch-1024x1024.jpg\",\"width\":1024,\"height\":1024,\"caption\":\"Haus am Strom\"},\"image\":{\"@id\":\"https:\\\/\\\/www.hausamstrom.de\\\/de\\\/#\\\/schema\\\/logo\\\/image\\\/\"},\"sameAs\":[\"https:\\\/\\\/www.facebook.com\\\/hausamstrom\",\"https:\\\/\\\/www.instagram.com\\\/\"]},{\"@type\":\"Person\",\"@id\":\"https:\\\/\\\/www.hausamstrom.de\\\/de\\\/#\\\/schema\\\/person\\\/a3b0cdb507952bbf987dca5ea1cd9bd2\",\"name\":\"Haus am Strom Redaktion\",\"image\":{\"@type\":\"ImageObject\",\"inLanguage\":\"de\",\"@id\":\"https:\\\/\\\/www.hausamstrom.de\\\/wp-content\\\/uploads\\\/2016\\\/02\\\/Eidechse-Loch-150x150.jpg\",\"url\":\"https:\\\/\\\/www.hausamstrom.de\\\/wp-content\\\/uploads\\\/2016\\\/02\\\/Eidechse-Loch-150x150.jpg\",\"contentUrl\":\"https:\\\/\\\/www.hausamstrom.de\\\/wp-content\\\/uploads\\\/2016\\\/02\\\/Eidechse-Loch-150x150.jpg\",\"caption\":\"Haus am Strom Redaktion\"},\"url\":\"https:\\\/\\\/www.hausamstrom.de\\\/de\\\/author\\\/eidechse-has\\\/\"}]}<\/script>\n<!-- \/ Yoast SEO plugin. -->","yoast_head_json":{"title":"Digitale Ausstellung \"Natur im Fokus\" 2020 - Haus am Strom","robots":{"index":"index","follow":"follow","max-snippet":"max-snippet:-1","max-image-preview":"max-image-preview:large","max-video-preview":"max-video-preview:-1"},"canonical":"https:\/\/www.hausamstrom.de\/de\/digitale-ausstellung-natur-im-fokus-2020\/","og_locale":"de_DE","og_type":"article","og_title":"Digitale Ausstellung \"Natur im Fokus\" 2020 - Haus am Strom","og_description":"Begr\u00fc\u00dft mit uns die digitale Ausstellung der preistragenden Bilder vom Fotowettbewerb \u201cNatur im Fokus\u201d 2020! Wegen des Lockdowns sind die Fotos leider nicht mehr in unserem Kieselraum zug\u00e4nglich, daher wollen wir sie online pr\u00e4sentieren. \u00a0 Kinder und Jugendliche zwischen 7 und 18 Jahren in Bayern haben selbstgeschossene Fotos von der \u00f6rtlichen Natur eingesendet. Weniger die [&hellip;]","og_url":"https:\/\/www.hausamstrom.de\/de\/digitale-ausstellung-natur-im-fokus-2020\/","og_site_name":"Haus am Strom","article_publisher":"https:\/\/www.facebook.com\/hausamstrom","article_published_time":"2021-11-26T16:34:35+00:00","article_modified_time":"2021-12-01T10:07:48+00:00","og_image":[{"url":"https:\/\/www.hausamstrom.de\/wp-content\/uploads\/2021\/11\/Schwamm-Feuerer-284x400.jpg","type":"","width":"","height":""}],"author":"Haus am Strom Redaktion","twitter_card":"summary_large_image","twitter_misc":{"Verfasst von":"Haus am Strom Redaktion","Gesch\u00e4tzte Lesezeit":"1\u00a0Minute"},"schema":{"@context":"https:\/\/schema.org","@graph":[{"@type":"Article","@id":"https:\/\/www.hausamstrom.de\/de\/digitale-ausstellung-natur-im-fokus-2020\/#article","isPartOf":{"@id":"https:\/\/www.hausamstrom.de\/de\/digitale-ausstellung-natur-im-fokus-2020\/"},"author":{"name":"Haus am Strom Redaktion","@id":"https:\/\/www.hausamstrom.de\/de\/#\/schema\/person\/a3b0cdb507952bbf987dca5ea1cd9bd2"},"headline":"Digitale Ausstellung &#8220;Natur im Fokus&#8221; 2020","datePublished":"2021-11-26T16:34:35+00:00","dateModified":"2021-12-01T10:07:48+00:00","mainEntityOfPage":{"@id":"https:\/\/www.hausamstrom.de\/de\/digitale-ausstellung-natur-im-fokus-2020\/"},"wordCount":201,"commentCount":0,"publisher":{"@id":"https:\/\/www.hausamstrom.de\/de\/#organization"},"image":{"@id":"https:\/\/www.hausamstrom.de\/de\/digitale-ausstellung-natur-im-fokus-2020\/#primaryimage"},"thumbnailUrl":"https:\/\/www.hausamstrom.de\/wp-content\/uploads\/2021\/11\/Schwamm-Feuerer-284x400.jpg","articleSection":["Ausstellung"],"inLanguage":"de","potentialAction":[{"@type":"CommentAction","name":"Comment","target":["https:\/\/www.hausamstrom.de\/de\/digitale-ausstellung-natur-im-fokus-2020\/#respond"]}]},{"@type":"WebPage","@id":"https:\/\/www.hausamstrom.de\/de\/digitale-ausstellung-natur-im-fokus-2020\/","url":"https:\/\/www.hausamstrom.de\/de\/digitale-ausstellung-natur-im-fokus-2020\/","name":"Digitale Ausstellung \"Natur im Fokus\" 2020 - Haus am Strom","isPartOf":{"@id":"https:\/\/www.hausamstrom.de\/de\/#website"},"primaryImageOfPage":{"@id":"https:\/\/www.hausamstrom.de\/de\/digitale-ausstellung-natur-im-fokus-2020\/#primaryimage"},"image":{"@id":"https:\/\/www.hausamstrom.de\/de\/digitale-ausstellung-natur-im-fokus-2020\/#primaryimage"},"thumbnailUrl":"https:\/\/www.hausamstrom.de\/wp-content\/uploads\/2021\/11\/Schwamm-Feuerer-284x400.jpg","datePublished":"2021-11-26T16:34:35+00:00","dateModified":"2021-12-01T10:07:48+00:00","breadcrumb":{"@id":"https:\/\/www.hausamstrom.de\/de\/digitale-ausstellung-natur-im-fokus-2020\/#breadcrumb"},"inLanguage":"de","potentialAction":[{"@type":"ReadAction","target":["https:\/\/www.hausamstrom.de\/de\/digitale-ausstellung-natur-im-fokus-2020\/"]}]},{"@type":"ImageObject","inLanguage":"de","@id":"https:\/\/www.hausamstrom.de\/de\/digitale-ausstellung-natur-im-fokus-2020\/#primaryimage","url":"https:\/\/www.hausamstrom.de\/wp-content\/uploads\/2021\/11\/Schwamm-Feuerer-284x400.jpg","contentUrl":"https:\/\/www.hausamstrom.de\/wp-content\/uploads\/2021\/11\/Schwamm-Feuerer-284x400.jpg"},{"@type":"BreadcrumbList","@id":"https:\/\/www.hausamstrom.de\/de\/digitale-ausstellung-natur-im-fokus-2020\/#breadcrumb","itemListElement":[{"@type":"ListItem","position":1,"name":"Home","item":"https:\/\/www.hausamstrom.de\/de\/"},{"@type":"ListItem","position":2,"name":"Digitale Ausstellung &#8220;Natur im Fokus&#8221; 2020"}]},{"@type":"WebSite","@id":"https:\/\/www.hausamstrom.de\/de\/#website","url":"https:\/\/www.hausamstrom.de\/de\/","name":"Haus am Strom","description":"Umweltbildungsstation im Passauer Donautal. Umweltbildung und Naturschutz f\u00fcr Kinder und Erwachsenen.","publisher":{"@id":"https:\/\/www.hausamstrom.de\/de\/#organization"},"potentialAction":[{"@type":"SearchAction","target":{"@type":"EntryPoint","urlTemplate":"https:\/\/www.hausamstrom.de\/de\/?s={search_term_string}"},"query-input":{"@type":"PropertyValueSpecification","valueRequired":true,"valueName":"search_term_string"}}],"inLanguage":"de"},{"@type":"Organization","@id":"https:\/\/www.hausamstrom.de\/de\/#organization","name":"Haus am Strom","url":"https:\/\/www.hausamstrom.de\/de\/","logo":{"@type":"ImageObject","inLanguage":"de","@id":"https:\/\/www.hausamstrom.de\/de\/#\/schema\/logo\/image\/","url":"https:\/\/www.hausamstrom.de\/wp-content\/uploads\/2025\/06\/Logo-quadratisch-1024x1024.jpg","contentUrl":"https:\/\/www.hausamstrom.de\/wp-content\/uploads\/2025\/06\/Logo-quadratisch-1024x1024.jpg","width":1024,"height":1024,"caption":"Haus am Strom"},"image":{"@id":"https:\/\/www.hausamstrom.de\/de\/#\/schema\/logo\/image\/"},"sameAs":["https:\/\/www.facebook.com\/hausamstrom","https:\/\/www.instagram.com\/"]},{"@type":"Person","@id":"https:\/\/www.hausamstrom.de\/de\/#\/schema\/person\/a3b0cdb507952bbf987dca5ea1cd9bd2","name":"Haus am Strom Redaktion","image":{"@type":"ImageObject","inLanguage":"de","@id":"https:\/\/www.hausamstrom.de\/wp-content\/uploads\/2016\/02\/Eidechse-Loch-150x150.jpg","url":"https:\/\/www.hausamstrom.de\/wp-content\/uploads\/2016\/02\/Eidechse-Loch-150x150.jpg","contentUrl":"https:\/\/www.hausamstrom.de\/wp-content\/uploads\/2016\/02\/Eidechse-Loch-150x150.jpg","caption":"Haus am Strom Redaktion"},"url":"https:\/\/www.hausamstrom.de\/de\/author\/eidechse-has\/"}]}},"_links":{"self":[{"href":"https:\/\/www.hausamstrom.de\/de\/wp-json\/wp\/v2\/posts\/10459","targetHints":{"allow":["GET"]}}],"collection":[{"href":"https:\/\/www.hausamstrom.de\/de\/wp-json\/wp\/v2\/posts"}],"about":[{"href":"https:\/\/www.hausamstrom.de\/de\/wp-json\/wp\/v2\/types\/post"}],"author":[{"embeddable":true,"href":"https:\/\/www.hausamstrom.de\/de\/wp-json\/wp\/v2\/users\/1"}],"replies":[{"embeddable":true,"href":"https:\/\/www.hausamstrom.de\/de\/wp-json\/wp\/v2\/comments?post=10459"}],"version-history":[{"count":7,"href":"https:\/\/www.hausamstrom.de\/de\/wp-json\/wp\/v2\/posts\/10459\/revisions"}],"predecessor-version":[{"id":10470,"href":"https:\/\/www.hausamstrom.de\/de\/wp-json\/wp\/v2\/posts\/10459\/revisions\/10470"}],"wp:attachment":[{"href":"https:\/\/www.hausamstrom.de\/de\/wp-json\/wp\/v2\/media?parent=10459"}],"wp:term":[{"taxonomy":"category","embeddable":true,"href":"https:\/\/www.hausamstrom.de\/de\/wp-json\/wp\/v2\/categories?post=10459"},{"taxonomy":"post_tag","embeddable":true,"href":"https:\/\/www.hausamstrom.de\/de\/wp-json\/wp\/v2\/tags?post=10459"}],"curies":[{"name":"wp","href":"https:\/\/api.w.org\/{rel}","templated":true}]}}