{"id":13389,"date":"2025-07-15T12:30:59","date_gmt":"2025-07-15T10:30:59","guid":{"rendered":"https:\/\/www.hausamstrom.de\/?p=13389"},"modified":"2025-07-28T12:17:34","modified_gmt":"2025-07-28T10:17:34","slug":"jubilaeums-sommerfest-am-10-august","status":"publish","type":"post","link":"https:\/\/www.hausamstrom.de\/de\/jubilaeums-sommerfest-am-10-august\/","title":{"rendered":"Jubil\u00e4ums &#8211; Sommerfest am 10. August"},"content":{"rendered":"<h2><strong>Sommerfest 25 Jahre Haus am Strom<\/strong><\/h2>\n<h3>Am 10. August von 11 bis 17 Uhr<\/h3>\n<p>Umfangreiches Programm:<\/p>\n<p>Infopoint, Gebietsbetreuung mit Gl\u00fccksrad, Filzen, Flaschengeister basteln, Buttonmaschine und Ritterhelme zum Anfassen mit der Veste Oberhaus, Schmunzelsteine herstellen mit dem Granitzentrum, Vogelh\u00e4user basteln mit dem Landschaftspflegeverband, Basteln mit der Cumnatura Umweltakademie, \u00d6komobil, Kinderschminken, Tinas N\u00e4hparty, Zielspritzen mit der Feuerwehr Gottsdorf, Bilder mit Naturmaterialien mit dem Obst- und Gartenbauverein, Taschen bedrucken mit der \u00d6komodellregion, Rettungshundestaffel, Baumanh\u00e4nger, Dosen werfen, Erbsen fangen. <strong>Es findet auch eine offene Kraftwerksf\u00fchrung statt \u2013 hier ist unbedingt eine Anmeldung erforderlich!\u00a0<\/strong><\/p>\n<p>\u00a0<\/p>\n<h4>12:45, 13:45, 14:45, 15:45 und 16:45 Uhr Verlosung<\/h4>\n<h4>12:30 Uhr Kraftwerksf\u00fchrungen (nur mit Anmeldung!)<\/h4>\n<h4>13:30 Uhr Auftritt Trachtenverein<\/h4>\n<h4>12, 13 und 14 Uhr Kinderyoga<\/h4>\n<p>F\u00fcr das leibliche Wohl gibt es Bioeis, Wildprodukte, veganes von der Schafsch\u00e4nke und nat\u00fcrlich Kuchen vom Bistro Haus am Strom.<\/p>\n<p><a href=\"https:\/\/www.hausamstrom.de\/wp-content\/uploads\/2025\/07\/Handzettel-Sommerfest-25-Jahre-Haus-am-Strom-pdf.pdf\">Handzettel Sommerfest 25 Jahre Haus am Strom pdf<\/a><\/p>\n","protected":false},"excerpt":{"rendered":"<p>Sommerfest 25 Jahre Haus am Strom Am 10. August von 11 bis 17 Uhr Umfangreiches Programm: Infopoint, Gebietsbetreuung mit Gl\u00fccksrad, Filzen, Flaschengeister basteln, Buttonmaschine und Ritterhelme zum Anfassen mit der Veste Oberhaus, Schmunzelsteine herstellen mit dem Granitzentrum, Vogelh\u00e4user basteln mit dem Landschaftspflegeverband, Basteln mit der Cumnatura Umweltakademie, \u00d6komobil, Kinderschminken, Tinas N\u00e4hparty, Zielspritzen mit der Feuerwehr [&hellip;]<\/p>\n","protected":false},"author":1,"featured_media":7258,"comment_status":"open","ping_status":"closed","sticky":false,"template":"","format":"standard","meta":{"footnotes":""},"categories":[1],"tags":[],"class_list":["post-13389","post","type-post","status-publish","format-standard","has-post-thumbnail","hentry","category-aktuelles"],"yoast_head":"<!-- This site is optimized with the Yoast SEO plugin v27.5 - https:\/\/yoast.com\/product\/yoast-seo-wordpress\/ -->\n<title>Jubil\u00e4ums - Sommerfest am 10. August - Haus am Strom<\/title>\n<meta name=\"robots\" content=\"index, follow, max-snippet:-1, max-image-preview:large, max-video-preview:-1\" \/>\n<link rel=\"canonical\" href=\"https:\/\/www.hausamstrom.de\/de\/jubilaeums-sommerfest-am-10-august\/\" \/>\n<meta property=\"og:locale\" content=\"de_DE\" \/>\n<meta property=\"og:type\" content=\"article\" \/>\n<meta property=\"og:title\" content=\"Jubil\u00e4ums - Sommerfest am 10. August - Haus am Strom\" \/>\n<meta property=\"og:description\" content=\"Sommerfest 25 Jahre Haus am Strom Am 10. August von 11 bis 17 Uhr Umfangreiches Programm: Infopoint, Gebietsbetreuung mit Gl\u00fccksrad, Filzen, Flaschengeister basteln, Buttonmaschine und Ritterhelme zum Anfassen mit der Veste Oberhaus, Schmunzelsteine herstellen mit dem Granitzentrum, Vogelh\u00e4user basteln mit dem Landschaftspflegeverband, Basteln mit der Cumnatura Umweltakademie, \u00d6komobil, Kinderschminken, Tinas N\u00e4hparty, Zielspritzen mit der Feuerwehr [&hellip;]\" \/>\n<meta property=\"og:url\" content=\"https:\/\/www.hausamstrom.de\/de\/jubilaeums-sommerfest-am-10-august\/\" \/>\n<meta property=\"og:site_name\" content=\"Haus am Strom\" \/>\n<meta property=\"article:publisher\" content=\"https:\/\/www.facebook.com\/hausamstrom\" \/>\n<meta property=\"article:published_time\" content=\"2025-07-15T10:30:59+00:00\" \/>\n<meta property=\"article:modified_time\" content=\"2025-07-28T10:17:34+00:00\" \/>\n<meta property=\"og:image\" content=\"https:\/\/www.hausamstrom.de\/wp-content\/uploads\/2020\/05\/Haus-am-Strom-Vorne-scaled.jpg\" \/>\n\t<meta property=\"og:image:width\" content=\"2560\" \/>\n\t<meta property=\"og:image:height\" content=\"2560\" \/>\n\t<meta property=\"og:image:type\" content=\"image\/jpeg\" \/>\n<meta name=\"author\" content=\"Haus am Strom Redaktion\" \/>\n<meta name=\"twitter:card\" content=\"summary_large_image\" \/>\n<meta name=\"twitter:label1\" content=\"Verfasst von\" \/>\n\t<meta name=\"twitter:data1\" content=\"Haus am Strom Redaktion\" \/>\n\t<meta name=\"twitter:label2\" content=\"Gesch\u00e4tzte Lesezeit\" \/>\n\t<meta name=\"twitter:data2\" content=\"1\u00a0Minute\" \/>\n<script type=\"application\/ld+json\" class=\"yoast-schema-graph\">{\"@context\":\"https:\\\/\\\/schema.org\",\"@graph\":[{\"@type\":\"Article\",\"@id\":\"https:\\\/\\\/www.hausamstrom.de\\\/de\\\/jubilaeums-sommerfest-am-10-august\\\/#article\",\"isPartOf\":{\"@id\":\"https:\\\/\\\/www.hausamstrom.de\\\/de\\\/jubilaeums-sommerfest-am-10-august\\\/\"},\"author\":{\"name\":\"Haus am Strom Redaktion\",\"@id\":\"https:\\\/\\\/www.hausamstrom.de\\\/de\\\/#\\\/schema\\\/person\\\/a3b0cdb507952bbf987dca5ea1cd9bd2\"},\"headline\":\"Jubil\u00e4ums &#8211; Sommerfest am 10. August\",\"datePublished\":\"2025-07-15T10:30:59+00:00\",\"dateModified\":\"2025-07-28T10:17:34+00:00\",\"mainEntityOfPage\":{\"@id\":\"https:\\\/\\\/www.hausamstrom.de\\\/de\\\/jubilaeums-sommerfest-am-10-august\\\/\"},\"wordCount\":142,\"commentCount\":0,\"publisher\":{\"@id\":\"https:\\\/\\\/www.hausamstrom.de\\\/de\\\/#organization\"},\"image\":{\"@id\":\"https:\\\/\\\/www.hausamstrom.de\\\/de\\\/jubilaeums-sommerfest-am-10-august\\\/#primaryimage\"},\"thumbnailUrl\":\"https:\\\/\\\/www.hausamstrom.de\\\/wp-content\\\/uploads\\\/2020\\\/05\\\/Haus-am-Strom-Vorne-scaled.jpg\",\"articleSection\":[\"Aktuelles\"],\"inLanguage\":\"de\",\"potentialAction\":[{\"@type\":\"CommentAction\",\"name\":\"Comment\",\"target\":[\"https:\\\/\\\/www.hausamstrom.de\\\/de\\\/jubilaeums-sommerfest-am-10-august\\\/#respond\"]}]},{\"@type\":\"WebPage\",\"@id\":\"https:\\\/\\\/www.hausamstrom.de\\\/de\\\/jubilaeums-sommerfest-am-10-august\\\/\",\"url\":\"https:\\\/\\\/www.hausamstrom.de\\\/de\\\/jubilaeums-sommerfest-am-10-august\\\/\",\"name\":\"Jubil\u00e4ums - Sommerfest am 10. August - Haus am Strom\",\"isPartOf\":{\"@id\":\"https:\\\/\\\/www.hausamstrom.de\\\/de\\\/#website\"},\"primaryImageOfPage\":{\"@id\":\"https:\\\/\\\/www.hausamstrom.de\\\/de\\\/jubilaeums-sommerfest-am-10-august\\\/#primaryimage\"},\"image\":{\"@id\":\"https:\\\/\\\/www.hausamstrom.de\\\/de\\\/jubilaeums-sommerfest-am-10-august\\\/#primaryimage\"},\"thumbnailUrl\":\"https:\\\/\\\/www.hausamstrom.de\\\/wp-content\\\/uploads\\\/2020\\\/05\\\/Haus-am-Strom-Vorne-scaled.jpg\",\"datePublished\":\"2025-07-15T10:30:59+00:00\",\"dateModified\":\"2025-07-28T10:17:34+00:00\",\"breadcrumb\":{\"@id\":\"https:\\\/\\\/www.hausamstrom.de\\\/de\\\/jubilaeums-sommerfest-am-10-august\\\/#breadcrumb\"},\"inLanguage\":\"de\",\"potentialAction\":[{\"@type\":\"ReadAction\",\"target\":[\"https:\\\/\\\/www.hausamstrom.de\\\/de\\\/jubilaeums-sommerfest-am-10-august\\\/\"]}]},{\"@type\":\"ImageObject\",\"inLanguage\":\"de\",\"@id\":\"https:\\\/\\\/www.hausamstrom.de\\\/de\\\/jubilaeums-sommerfest-am-10-august\\\/#primaryimage\",\"url\":\"https:\\\/\\\/www.hausamstrom.de\\\/wp-content\\\/uploads\\\/2020\\\/05\\\/Haus-am-Strom-Vorne-scaled.jpg\",\"contentUrl\":\"https:\\\/\\\/www.hausamstrom.de\\\/wp-content\\\/uploads\\\/2020\\\/05\\\/Haus-am-Strom-Vorne-scaled.jpg\",\"width\":2560,\"height\":2560},{\"@type\":\"BreadcrumbList\",\"@id\":\"https:\\\/\\\/www.hausamstrom.de\\\/de\\\/jubilaeums-sommerfest-am-10-august\\\/#breadcrumb\",\"itemListElement\":[{\"@type\":\"ListItem\",\"position\":1,\"name\":\"Home\",\"item\":\"https:\\\/\\\/www.hausamstrom.de\\\/de\\\/\"},{\"@type\":\"ListItem\",\"position\":2,\"name\":\"Jubil\u00e4ums &#8211; Sommerfest am 10. August\"}]},{\"@type\":\"WebSite\",\"@id\":\"https:\\\/\\\/www.hausamstrom.de\\\/de\\\/#website\",\"url\":\"https:\\\/\\\/www.hausamstrom.de\\\/de\\\/\",\"name\":\"Haus am Strom\",\"description\":\"Umweltbildungsstation im Passauer Donautal. Umweltbildung und Naturschutz f\u00fcr Kinder und Erwachsenen.\",\"publisher\":{\"@id\":\"https:\\\/\\\/www.hausamstrom.de\\\/de\\\/#organization\"},\"potentialAction\":[{\"@type\":\"SearchAction\",\"target\":{\"@type\":\"EntryPoint\",\"urlTemplate\":\"https:\\\/\\\/www.hausamstrom.de\\\/de\\\/?s={search_term_string}\"},\"query-input\":{\"@type\":\"PropertyValueSpecification\",\"valueRequired\":true,\"valueName\":\"search_term_string\"}}],\"inLanguage\":\"de\"},{\"@type\":\"Organization\",\"@id\":\"https:\\\/\\\/www.hausamstrom.de\\\/de\\\/#organization\",\"name\":\"Haus am Strom\",\"url\":\"https:\\\/\\\/www.hausamstrom.de\\\/de\\\/\",\"logo\":{\"@type\":\"ImageObject\",\"inLanguage\":\"de\",\"@id\":\"https:\\\/\\\/www.hausamstrom.de\\\/de\\\/#\\\/schema\\\/logo\\\/image\\\/\",\"url\":\"https:\\\/\\\/www.hausamstrom.de\\\/wp-content\\\/uploads\\\/2025\\\/06\\\/Logo-quadratisch-1024x1024.jpg\",\"contentUrl\":\"https:\\\/\\\/www.hausamstrom.de\\\/wp-content\\\/uploads\\\/2025\\\/06\\\/Logo-quadratisch-1024x1024.jpg\",\"width\":1024,\"height\":1024,\"caption\":\"Haus am Strom\"},\"image\":{\"@id\":\"https:\\\/\\\/www.hausamstrom.de\\\/de\\\/#\\\/schema\\\/logo\\\/image\\\/\"},\"sameAs\":[\"https:\\\/\\\/www.facebook.com\\\/hausamstrom\",\"https:\\\/\\\/www.instagram.com\\\/\"]},{\"@type\":\"Person\",\"@id\":\"https:\\\/\\\/www.hausamstrom.de\\\/de\\\/#\\\/schema\\\/person\\\/a3b0cdb507952bbf987dca5ea1cd9bd2\",\"name\":\"Haus am Strom Redaktion\",\"image\":{\"@type\":\"ImageObject\",\"inLanguage\":\"de\",\"@id\":\"https:\\\/\\\/www.hausamstrom.de\\\/wp-content\\\/uploads\\\/2016\\\/02\\\/Eidechse-Loch-150x150.jpg\",\"url\":\"https:\\\/\\\/www.hausamstrom.de\\\/wp-content\\\/uploads\\\/2016\\\/02\\\/Eidechse-Loch-150x150.jpg\",\"contentUrl\":\"https:\\\/\\\/www.hausamstrom.de\\\/wp-content\\\/uploads\\\/2016\\\/02\\\/Eidechse-Loch-150x150.jpg\",\"caption\":\"Haus am Strom Redaktion\"},\"url\":\"https:\\\/\\\/www.hausamstrom.de\\\/de\\\/author\\\/eidechse-has\\\/\"}]}<\/script>\n<!-- \/ Yoast SEO plugin. -->","yoast_head_json":{"title":"Jubil\u00e4ums - Sommerfest am 10. August - Haus am Strom","robots":{"index":"index","follow":"follow","max-snippet":"max-snippet:-1","max-image-preview":"max-image-preview:large","max-video-preview":"max-video-preview:-1"},"canonical":"https:\/\/www.hausamstrom.de\/de\/jubilaeums-sommerfest-am-10-august\/","og_locale":"de_DE","og_type":"article","og_title":"Jubil\u00e4ums - Sommerfest am 10. August - Haus am Strom","og_description":"Sommerfest 25 Jahre Haus am Strom Am 10. August von 11 bis 17 Uhr Umfangreiches Programm: Infopoint, Gebietsbetreuung mit Gl\u00fccksrad, Filzen, Flaschengeister basteln, Buttonmaschine und Ritterhelme zum Anfassen mit der Veste Oberhaus, Schmunzelsteine herstellen mit dem Granitzentrum, Vogelh\u00e4user basteln mit dem Landschaftspflegeverband, Basteln mit der Cumnatura Umweltakademie, \u00d6komobil, Kinderschminken, Tinas N\u00e4hparty, Zielspritzen mit der Feuerwehr [&hellip;]","og_url":"https:\/\/www.hausamstrom.de\/de\/jubilaeums-sommerfest-am-10-august\/","og_site_name":"Haus am Strom","article_publisher":"https:\/\/www.facebook.com\/hausamstrom","article_published_time":"2025-07-15T10:30:59+00:00","article_modified_time":"2025-07-28T10:17:34+00:00","og_image":[{"width":2560,"height":2560,"url":"https:\/\/www.hausamstrom.de\/wp-content\/uploads\/2020\/05\/Haus-am-Strom-Vorne-scaled.jpg","type":"image\/jpeg"}],"author":"Haus am Strom Redaktion","twitter_card":"summary_large_image","twitter_misc":{"Verfasst von":"Haus am Strom Redaktion","Gesch\u00e4tzte Lesezeit":"1\u00a0Minute"},"schema":{"@context":"https:\/\/schema.org","@graph":[{"@type":"Article","@id":"https:\/\/www.hausamstrom.de\/de\/jubilaeums-sommerfest-am-10-august\/#article","isPartOf":{"@id":"https:\/\/www.hausamstrom.de\/de\/jubilaeums-sommerfest-am-10-august\/"},"author":{"name":"Haus am Strom Redaktion","@id":"https:\/\/www.hausamstrom.de\/de\/#\/schema\/person\/a3b0cdb507952bbf987dca5ea1cd9bd2"},"headline":"Jubil\u00e4ums &#8211; Sommerfest am 10. August","datePublished":"2025-07-15T10:30:59+00:00","dateModified":"2025-07-28T10:17:34+00:00","mainEntityOfPage":{"@id":"https:\/\/www.hausamstrom.de\/de\/jubilaeums-sommerfest-am-10-august\/"},"wordCount":142,"commentCount":0,"publisher":{"@id":"https:\/\/www.hausamstrom.de\/de\/#organization"},"image":{"@id":"https:\/\/www.hausamstrom.de\/de\/jubilaeums-sommerfest-am-10-august\/#primaryimage"},"thumbnailUrl":"https:\/\/www.hausamstrom.de\/wp-content\/uploads\/2020\/05\/Haus-am-Strom-Vorne-scaled.jpg","articleSection":["Aktuelles"],"inLanguage":"de","potentialAction":[{"@type":"CommentAction","name":"Comment","target":["https:\/\/www.hausamstrom.de\/de\/jubilaeums-sommerfest-am-10-august\/#respond"]}]},{"@type":"WebPage","@id":"https:\/\/www.hausamstrom.de\/de\/jubilaeums-sommerfest-am-10-august\/","url":"https:\/\/www.hausamstrom.de\/de\/jubilaeums-sommerfest-am-10-august\/","name":"Jubil\u00e4ums - Sommerfest am 10. August - Haus am Strom","isPartOf":{"@id":"https:\/\/www.hausamstrom.de\/de\/#website"},"primaryImageOfPage":{"@id":"https:\/\/www.hausamstrom.de\/de\/jubilaeums-sommerfest-am-10-august\/#primaryimage"},"image":{"@id":"https:\/\/www.hausamstrom.de\/de\/jubilaeums-sommerfest-am-10-august\/#primaryimage"},"thumbnailUrl":"https:\/\/www.hausamstrom.de\/wp-content\/uploads\/2020\/05\/Haus-am-Strom-Vorne-scaled.jpg","datePublished":"2025-07-15T10:30:59+00:00","dateModified":"2025-07-28T10:17:34+00:00","breadcrumb":{"@id":"https:\/\/www.hausamstrom.de\/de\/jubilaeums-sommerfest-am-10-august\/#breadcrumb"},"inLanguage":"de","potentialAction":[{"@type":"ReadAction","target":["https:\/\/www.hausamstrom.de\/de\/jubilaeums-sommerfest-am-10-august\/"]}]},{"@type":"ImageObject","inLanguage":"de","@id":"https:\/\/www.hausamstrom.de\/de\/jubilaeums-sommerfest-am-10-august\/#primaryimage","url":"https:\/\/www.hausamstrom.de\/wp-content\/uploads\/2020\/05\/Haus-am-Strom-Vorne-scaled.jpg","contentUrl":"https:\/\/www.hausamstrom.de\/wp-content\/uploads\/2020\/05\/Haus-am-Strom-Vorne-scaled.jpg","width":2560,"height":2560},{"@type":"BreadcrumbList","@id":"https:\/\/www.hausamstrom.de\/de\/jubilaeums-sommerfest-am-10-august\/#breadcrumb","itemListElement":[{"@type":"ListItem","position":1,"name":"Home","item":"https:\/\/www.hausamstrom.de\/de\/"},{"@type":"ListItem","position":2,"name":"Jubil\u00e4ums &#8211; Sommerfest am 10. August"}]},{"@type":"WebSite","@id":"https:\/\/www.hausamstrom.de\/de\/#website","url":"https:\/\/www.hausamstrom.de\/de\/","name":"Haus am Strom","description":"Umweltbildungsstation im Passauer Donautal. Umweltbildung und Naturschutz f\u00fcr Kinder und Erwachsenen.","publisher":{"@id":"https:\/\/www.hausamstrom.de\/de\/#organization"},"potentialAction":[{"@type":"SearchAction","target":{"@type":"EntryPoint","urlTemplate":"https:\/\/www.hausamstrom.de\/de\/?s={search_term_string}"},"query-input":{"@type":"PropertyValueSpecification","valueRequired":true,"valueName":"search_term_string"}}],"inLanguage":"de"},{"@type":"Organization","@id":"https:\/\/www.hausamstrom.de\/de\/#organization","name":"Haus am Strom","url":"https:\/\/www.hausamstrom.de\/de\/","logo":{"@type":"ImageObject","inLanguage":"de","@id":"https:\/\/www.hausamstrom.de\/de\/#\/schema\/logo\/image\/","url":"https:\/\/www.hausamstrom.de\/wp-content\/uploads\/2025\/06\/Logo-quadratisch-1024x1024.jpg","contentUrl":"https:\/\/www.hausamstrom.de\/wp-content\/uploads\/2025\/06\/Logo-quadratisch-1024x1024.jpg","width":1024,"height":1024,"caption":"Haus am Strom"},"image":{"@id":"https:\/\/www.hausamstrom.de\/de\/#\/schema\/logo\/image\/"},"sameAs":["https:\/\/www.facebook.com\/hausamstrom","https:\/\/www.instagram.com\/"]},{"@type":"Person","@id":"https:\/\/www.hausamstrom.de\/de\/#\/schema\/person\/a3b0cdb507952bbf987dca5ea1cd9bd2","name":"Haus am Strom Redaktion","image":{"@type":"ImageObject","inLanguage":"de","@id":"https:\/\/www.hausamstrom.de\/wp-content\/uploads\/2016\/02\/Eidechse-Loch-150x150.jpg","url":"https:\/\/www.hausamstrom.de\/wp-content\/uploads\/2016\/02\/Eidechse-Loch-150x150.jpg","contentUrl":"https:\/\/www.hausamstrom.de\/wp-content\/uploads\/2016\/02\/Eidechse-Loch-150x150.jpg","caption":"Haus am Strom Redaktion"},"url":"https:\/\/www.hausamstrom.de\/de\/author\/eidechse-has\/"}]}},"_links":{"self":[{"href":"https:\/\/www.hausamstrom.de\/de\/wp-json\/wp\/v2\/posts\/13389","targetHints":{"allow":["GET"]}}],"collection":[{"href":"https:\/\/www.hausamstrom.de\/de\/wp-json\/wp\/v2\/posts"}],"about":[{"href":"https:\/\/www.hausamstrom.de\/de\/wp-json\/wp\/v2\/types\/post"}],"author":[{"embeddable":true,"href":"https:\/\/www.hausamstrom.de\/de\/wp-json\/wp\/v2\/users\/1"}],"replies":[{"embeddable":true,"href":"https:\/\/www.hausamstrom.de\/de\/wp-json\/wp\/v2\/comments?post=13389"}],"version-history":[{"count":4,"href":"https:\/\/www.hausamstrom.de\/de\/wp-json\/wp\/v2\/posts\/13389\/revisions"}],"predecessor-version":[{"id":13448,"href":"https:\/\/www.hausamstrom.de\/de\/wp-json\/wp\/v2\/posts\/13389\/revisions\/13448"}],"wp:featuredmedia":[{"embeddable":true,"href":"https:\/\/www.hausamstrom.de\/de\/wp-json\/wp\/v2\/media\/7258"}],"wp:attachment":[{"href":"https:\/\/www.hausamstrom.de\/de\/wp-json\/wp\/v2\/media?parent=13389"}],"wp:term":[{"taxonomy":"category","embeddable":true,"href":"https:\/\/www.hausamstrom.de\/de\/wp-json\/wp\/v2\/categories?post=13389"},{"taxonomy":"post_tag","embeddable":true,"href":"https:\/\/www.hausamstrom.de\/de\/wp-json\/wp\/v2\/tags?post=13389"}],"curies":[{"name":"wp","href":"https:\/\/api.w.org\/{rel}","templated":true}]}}