{"id":5191,"date":"2019-12-10T12:15:23","date_gmt":"2019-12-10T11:15:23","guid":{"rendered":"https:\/\/www.hausamstrom.de\/?p=5191"},"modified":"2022-08-17T11:53:19","modified_gmt":"2022-08-17T09:53:19","slug":"botschafter-fuer-die-artenvielfalt-in-niederbayern-2","status":"publish","type":"post","link":"https:\/\/www.hausamstrom.de\/de\/botschafter-fuer-die-artenvielfalt-in-niederbayern-2\/","title":{"rendered":"Botschafter f\u00fcr die Artenvielfalt in Niederbayern"},"content":{"rendered":"<p>Die Niederbayerischen Akteure der Umweltbildung hatten schon \u00f6fter zusammen Projekte zu einem gemeinsamen Thema durchgef\u00fchrt und auch f\u00fcr das Jahr 2019 war das wieder geplant. So einigte man sich auf dem Runden Tisch im Fr\u00fchjahr 2018 auf das Thema Artenvielfalt. Ein Jahr sp\u00e4ter war Artenvielfalt eines der hei\u00dfesten Themen in Bayern \u00fcberhaupt.<\/p>\n<p>Dabei sind die Verh\u00e4ltnisse in Niederbayern sehr unterschiedlich \u2013 von der Ausstattung an Naturr\u00e4umen, Arten und von den Institutionen, die zu dem Projekt beitrugen. Dem wurde Rechnung getragen, so dass vor Ort jeder einen anderen inhaltlichen Schwerpunkt bearbeitete:<\/p>\n<ul>\n<li>Umweltstation Haus am Strom \u00e0 Donautal, Koordination<\/li>\n<li>Umweltstation Wiesenfelden \u00e0 Garten<\/li>\n<li>Umweltstation Jugendbildungsst\u00e4tte Windberg \u00e0 Weiterbildung von (Umwelt-) P\u00e4dagogen<\/li>\n<li>Umweltstation Grenzbahnhof Eisenstein \u00e0 Flederm\u00e4use<\/li>\n<li>Umweltstation Landshut \u00e0 Isartal<\/li>\n<li>Europareservat Unterer Inn \u00e0 Zugv\u00f6gel<\/li>\n<li>Naturschutzbeh\u00f6rde Dingolfing Landau \u00e0 Feuchtwiesen<\/li>\n<li>Initiative Nah-t\u00fcrlich \u00e0 Kalkmagerrasen<\/li>\n<\/ul>\n<p>Neben der \u00fcbergreifenden Thematik verband die Akteure auch, dass sie ihre Aktivit\u00e4ten in zwei gemeinsamen Lehrerfortbildungen vorstellten. Au\u00dferdem suchte jede Einrichtung eine \u201eLeuchtturmveranstaltung\u201c aus, die von den anderen Einrichtungen in Jahresprogrammen und anderen Medien mitbeworben wurde. Die Spannweite der Zielgruppen war immens und spiegelte die unterschiedlichen Akteure wieder. Doch bei allen Veranstaltungen war das Ziel, dass die Teilnehmer nicht nur Umweltbildung konsumieren, sondern aktiv werden und weitere Menschen anzustecken mit Begeisterung und Wissen. Wenn die Teilnehmer die Bedeutung der Artenvielfalt f\u00fcr die jeweilige Region und Niederbayern in einer entsprechenden Veranstaltung kennen gelernt haben, wurden sie relativ niederschwellig mit einem Zertifikat als \u201eBotschafter der Artenvielfalt\u201c motiviert, selber aktiv zu werden.<img loading=\"lazy\" decoding=\"async\" class=\"alignnone size-medium wp-image-5183\" src=\"https:\/\/www.hausamstrom.de\/wp-content\/uploads\/2019\/12\/IMG_8953-400x267.jpg\" alt=\"\" width=\"400\" height=\"267\" srcset=\"https:\/\/www.hausamstrom.de\/wp-content\/uploads\/2019\/12\/IMG_8953-400x267.jpg 400w, https:\/\/www.hausamstrom.de\/wp-content\/uploads\/2019\/12\/IMG_8953-1024x683.jpg 1024w, https:\/\/www.hausamstrom.de\/wp-content\/uploads\/2019\/12\/IMG_8953-1536x1024.jpg 1536w, https:\/\/www.hausamstrom.de\/wp-content\/uploads\/2019\/12\/IMG_8953-2048x1365.jpg 2048w, https:\/\/www.hausamstrom.de\/wp-content\/uploads\/2019\/12\/IMG_8953-540x360.jpg 540w, https:\/\/www.hausamstrom.de\/wp-content\/uploads\/2019\/12\/IMG_8953-600x400.jpg 600w, https:\/\/www.hausamstrom.de\/wp-content\/uploads\/2019\/12\/IMG_8953-750x500.jpg 750w\" sizes=\"auto, (max-width: 400px) 100vw, 400px\" \/><img loading=\"lazy\" decoding=\"async\" class=\"alignnone size-medium wp-image-5187\" src=\"https:\/\/www.hausamstrom.de\/wp-content\/uploads\/2019\/12\/Karte-400x262.jpg\" alt=\"\" width=\"400\" height=\"262\" srcset=\"https:\/\/www.hausamstrom.de\/wp-content\/uploads\/2019\/12\/Karte-400x262.jpg 400w, https:\/\/www.hausamstrom.de\/wp-content\/uploads\/2019\/12\/Karte-1024x672.jpg 1024w, https:\/\/www.hausamstrom.de\/wp-content\/uploads\/2019\/12\/Karte-1536x1008.jpg 1536w, https:\/\/www.hausamstrom.de\/wp-content\/uploads\/2019\/12\/Karte-2048x1344.jpg 2048w, https:\/\/www.hausamstrom.de\/wp-content\/uploads\/2019\/12\/Karte-750x492.jpg 750w, https:\/\/www.hausamstrom.de\/wp-content\/uploads\/2019\/12\/Karte-540x354.jpg 540w, https:\/\/www.hausamstrom.de\/wp-content\/uploads\/2019\/12\/Karte-420x275.jpg 420w\" sizes=\"auto, (max-width: 400px) 100vw, 400px\" \/><\/p>\n","protected":false},"excerpt":{"rendered":"<p>Die Niederbayerischen Akteure der Umweltbildung hatten schon \u00f6fter zusammen Projekte zu einem gemeinsamen Thema durchgef\u00fchrt und auch f\u00fcr das Jahr 2019 war das wieder geplant. So einigte man sich auf dem Runden Tisch im Fr\u00fchjahr 2018 auf das Thema Artenvielfalt. Ein Jahr sp\u00e4ter war Artenvielfalt eines der hei\u00dfesten Themen in Bayern \u00fcberhaupt. Dabei sind die [&hellip;]<\/p>\n","protected":false},"author":1,"featured_media":0,"comment_status":"open","ping_status":"closed","sticky":false,"template":"","format":"standard","meta":{"footnotes":""},"categories":[178],"tags":[],"class_list":["post-5191","post","type-post","status-publish","format-standard","hentry","category-sonstiges"],"yoast_head":"<!-- This site is optimized with the Yoast SEO plugin v27.5 - https:\/\/yoast.com\/product\/yoast-seo-wordpress\/ -->\n<title>Botschafter f\u00fcr die Artenvielfalt in Niederbayern - Haus am Strom<\/title>\n<meta name=\"robots\" content=\"index, follow, max-snippet:-1, max-image-preview:large, max-video-preview:-1\" \/>\n<link rel=\"canonical\" href=\"https:\/\/www.hausamstrom.de\/de\/botschafter-fuer-die-artenvielfalt-in-niederbayern-2\/\" \/>\n<meta property=\"og:locale\" content=\"de_DE\" \/>\n<meta property=\"og:type\" content=\"article\" \/>\n<meta property=\"og:title\" content=\"Botschafter f\u00fcr die Artenvielfalt in Niederbayern - Haus am Strom\" \/>\n<meta property=\"og:description\" content=\"Die Niederbayerischen Akteure der Umweltbildung hatten schon \u00f6fter zusammen Projekte zu einem gemeinsamen Thema durchgef\u00fchrt und auch f\u00fcr das Jahr 2019 war das wieder geplant. So einigte man sich auf dem Runden Tisch im Fr\u00fchjahr 2018 auf das Thema Artenvielfalt. Ein Jahr sp\u00e4ter war Artenvielfalt eines der hei\u00dfesten Themen in Bayern \u00fcberhaupt. Dabei sind die [&hellip;]\" \/>\n<meta property=\"og:url\" content=\"https:\/\/www.hausamstrom.de\/de\/botschafter-fuer-die-artenvielfalt-in-niederbayern-2\/\" \/>\n<meta property=\"og:site_name\" content=\"Haus am Strom\" \/>\n<meta property=\"article:publisher\" content=\"https:\/\/www.facebook.com\/hausamstrom\" \/>\n<meta property=\"article:published_time\" content=\"2019-12-10T11:15:23+00:00\" \/>\n<meta property=\"article:modified_time\" content=\"2022-08-17T09:53:19+00:00\" \/>\n<meta property=\"og:image\" content=\"https:\/\/www.hausamstrom.de\/wp-content\/uploads\/2019\/12\/IMG_8953-400x267.jpg\" \/>\n<meta name=\"author\" content=\"Haus am Strom Redaktion\" \/>\n<meta name=\"twitter:card\" content=\"summary_large_image\" \/>\n<meta name=\"twitter:label1\" content=\"Verfasst von\" \/>\n\t<meta name=\"twitter:data1\" content=\"Haus am Strom Redaktion\" \/>\n\t<meta name=\"twitter:label2\" content=\"Gesch\u00e4tzte Lesezeit\" \/>\n\t<meta name=\"twitter:data2\" content=\"1\u00a0Minute\" \/>\n<script type=\"application\/ld+json\" class=\"yoast-schema-graph\">{\"@context\":\"https:\\\/\\\/schema.org\",\"@graph\":[{\"@type\":\"Article\",\"@id\":\"https:\\\/\\\/www.hausamstrom.de\\\/de\\\/botschafter-fuer-die-artenvielfalt-in-niederbayern-2\\\/#article\",\"isPartOf\":{\"@id\":\"https:\\\/\\\/www.hausamstrom.de\\\/de\\\/botschafter-fuer-die-artenvielfalt-in-niederbayern-2\\\/\"},\"author\":{\"name\":\"Haus am Strom Redaktion\",\"@id\":\"https:\\\/\\\/www.hausamstrom.de\\\/de\\\/#\\\/schema\\\/person\\\/a3b0cdb507952bbf987dca5ea1cd9bd2\"},\"headline\":\"Botschafter f\u00fcr die Artenvielfalt in Niederbayern\",\"datePublished\":\"2019-12-10T11:15:23+00:00\",\"dateModified\":\"2022-08-17T09:53:19+00:00\",\"mainEntityOfPage\":{\"@id\":\"https:\\\/\\\/www.hausamstrom.de\\\/de\\\/botschafter-fuer-die-artenvielfalt-in-niederbayern-2\\\/\"},\"wordCount\":254,\"commentCount\":0,\"publisher\":{\"@id\":\"https:\\\/\\\/www.hausamstrom.de\\\/de\\\/#organization\"},\"image\":{\"@id\":\"https:\\\/\\\/www.hausamstrom.de\\\/de\\\/botschafter-fuer-die-artenvielfalt-in-niederbayern-2\\\/#primaryimage\"},\"thumbnailUrl\":\"https:\\\/\\\/www.hausamstrom.de\\\/wp-content\\\/uploads\\\/2019\\\/12\\\/IMG_8953-400x267.jpg\",\"articleSection\":[\"Sonstiges\"],\"inLanguage\":\"de\",\"potentialAction\":[{\"@type\":\"CommentAction\",\"name\":\"Comment\",\"target\":[\"https:\\\/\\\/www.hausamstrom.de\\\/de\\\/botschafter-fuer-die-artenvielfalt-in-niederbayern-2\\\/#respond\"]}]},{\"@type\":\"WebPage\",\"@id\":\"https:\\\/\\\/www.hausamstrom.de\\\/de\\\/botschafter-fuer-die-artenvielfalt-in-niederbayern-2\\\/\",\"url\":\"https:\\\/\\\/www.hausamstrom.de\\\/de\\\/botschafter-fuer-die-artenvielfalt-in-niederbayern-2\\\/\",\"name\":\"Botschafter f\u00fcr die Artenvielfalt in Niederbayern - Haus am Strom\",\"isPartOf\":{\"@id\":\"https:\\\/\\\/www.hausamstrom.de\\\/de\\\/#website\"},\"primaryImageOfPage\":{\"@id\":\"https:\\\/\\\/www.hausamstrom.de\\\/de\\\/botschafter-fuer-die-artenvielfalt-in-niederbayern-2\\\/#primaryimage\"},\"image\":{\"@id\":\"https:\\\/\\\/www.hausamstrom.de\\\/de\\\/botschafter-fuer-die-artenvielfalt-in-niederbayern-2\\\/#primaryimage\"},\"thumbnailUrl\":\"https:\\\/\\\/www.hausamstrom.de\\\/wp-content\\\/uploads\\\/2019\\\/12\\\/IMG_8953-400x267.jpg\",\"datePublished\":\"2019-12-10T11:15:23+00:00\",\"dateModified\":\"2022-08-17T09:53:19+00:00\",\"breadcrumb\":{\"@id\":\"https:\\\/\\\/www.hausamstrom.de\\\/de\\\/botschafter-fuer-die-artenvielfalt-in-niederbayern-2\\\/#breadcrumb\"},\"inLanguage\":\"de\",\"potentialAction\":[{\"@type\":\"ReadAction\",\"target\":[\"https:\\\/\\\/www.hausamstrom.de\\\/de\\\/botschafter-fuer-die-artenvielfalt-in-niederbayern-2\\\/\"]}]},{\"@type\":\"ImageObject\",\"inLanguage\":\"de\",\"@id\":\"https:\\\/\\\/www.hausamstrom.de\\\/de\\\/botschafter-fuer-die-artenvielfalt-in-niederbayern-2\\\/#primaryimage\",\"url\":\"https:\\\/\\\/www.hausamstrom.de\\\/wp-content\\\/uploads\\\/2019\\\/12\\\/IMG_8953-400x267.jpg\",\"contentUrl\":\"https:\\\/\\\/www.hausamstrom.de\\\/wp-content\\\/uploads\\\/2019\\\/12\\\/IMG_8953-400x267.jpg\"},{\"@type\":\"BreadcrumbList\",\"@id\":\"https:\\\/\\\/www.hausamstrom.de\\\/de\\\/botschafter-fuer-die-artenvielfalt-in-niederbayern-2\\\/#breadcrumb\",\"itemListElement\":[{\"@type\":\"ListItem\",\"position\":1,\"name\":\"Home\",\"item\":\"https:\\\/\\\/www.hausamstrom.de\\\/de\\\/\"},{\"@type\":\"ListItem\",\"position\":2,\"name\":\"Botschafter f\u00fcr die Artenvielfalt in Niederbayern\"}]},{\"@type\":\"WebSite\",\"@id\":\"https:\\\/\\\/www.hausamstrom.de\\\/de\\\/#website\",\"url\":\"https:\\\/\\\/www.hausamstrom.de\\\/de\\\/\",\"name\":\"Haus am Strom\",\"description\":\"Umweltbildungsstation im Passauer Donautal. Umweltbildung und Naturschutz f\u00fcr Kinder und Erwachsenen.\",\"publisher\":{\"@id\":\"https:\\\/\\\/www.hausamstrom.de\\\/de\\\/#organization\"},\"potentialAction\":[{\"@type\":\"SearchAction\",\"target\":{\"@type\":\"EntryPoint\",\"urlTemplate\":\"https:\\\/\\\/www.hausamstrom.de\\\/de\\\/?s={search_term_string}\"},\"query-input\":{\"@type\":\"PropertyValueSpecification\",\"valueRequired\":true,\"valueName\":\"search_term_string\"}}],\"inLanguage\":\"de\"},{\"@type\":\"Organization\",\"@id\":\"https:\\\/\\\/www.hausamstrom.de\\\/de\\\/#organization\",\"name\":\"Haus am Strom\",\"url\":\"https:\\\/\\\/www.hausamstrom.de\\\/de\\\/\",\"logo\":{\"@type\":\"ImageObject\",\"inLanguage\":\"de\",\"@id\":\"https:\\\/\\\/www.hausamstrom.de\\\/de\\\/#\\\/schema\\\/logo\\\/image\\\/\",\"url\":\"https:\\\/\\\/www.hausamstrom.de\\\/wp-content\\\/uploads\\\/2025\\\/06\\\/Logo-quadratisch-1024x1024.jpg\",\"contentUrl\":\"https:\\\/\\\/www.hausamstrom.de\\\/wp-content\\\/uploads\\\/2025\\\/06\\\/Logo-quadratisch-1024x1024.jpg\",\"width\":1024,\"height\":1024,\"caption\":\"Haus am Strom\"},\"image\":{\"@id\":\"https:\\\/\\\/www.hausamstrom.de\\\/de\\\/#\\\/schema\\\/logo\\\/image\\\/\"},\"sameAs\":[\"https:\\\/\\\/www.facebook.com\\\/hausamstrom\",\"https:\\\/\\\/www.instagram.com\\\/\"]},{\"@type\":\"Person\",\"@id\":\"https:\\\/\\\/www.hausamstrom.de\\\/de\\\/#\\\/schema\\\/person\\\/a3b0cdb507952bbf987dca5ea1cd9bd2\",\"name\":\"Haus am Strom Redaktion\",\"image\":{\"@type\":\"ImageObject\",\"inLanguage\":\"de\",\"@id\":\"https:\\\/\\\/www.hausamstrom.de\\\/wp-content\\\/uploads\\\/2016\\\/02\\\/Eidechse-Loch-150x150.jpg\",\"url\":\"https:\\\/\\\/www.hausamstrom.de\\\/wp-content\\\/uploads\\\/2016\\\/02\\\/Eidechse-Loch-150x150.jpg\",\"contentUrl\":\"https:\\\/\\\/www.hausamstrom.de\\\/wp-content\\\/uploads\\\/2016\\\/02\\\/Eidechse-Loch-150x150.jpg\",\"caption\":\"Haus am Strom Redaktion\"},\"url\":\"https:\\\/\\\/www.hausamstrom.de\\\/de\\\/author\\\/eidechse-has\\\/\"}]}<\/script>\n<!-- \/ Yoast SEO plugin. -->","yoast_head_json":{"title":"Botschafter f\u00fcr die Artenvielfalt in Niederbayern - Haus am Strom","robots":{"index":"index","follow":"follow","max-snippet":"max-snippet:-1","max-image-preview":"max-image-preview:large","max-video-preview":"max-video-preview:-1"},"canonical":"https:\/\/www.hausamstrom.de\/de\/botschafter-fuer-die-artenvielfalt-in-niederbayern-2\/","og_locale":"de_DE","og_type":"article","og_title":"Botschafter f\u00fcr die Artenvielfalt in Niederbayern - Haus am Strom","og_description":"Die Niederbayerischen Akteure der Umweltbildung hatten schon \u00f6fter zusammen Projekte zu einem gemeinsamen Thema durchgef\u00fchrt und auch f\u00fcr das Jahr 2019 war das wieder geplant. So einigte man sich auf dem Runden Tisch im Fr\u00fchjahr 2018 auf das Thema Artenvielfalt. Ein Jahr sp\u00e4ter war Artenvielfalt eines der hei\u00dfesten Themen in Bayern \u00fcberhaupt. Dabei sind die [&hellip;]","og_url":"https:\/\/www.hausamstrom.de\/de\/botschafter-fuer-die-artenvielfalt-in-niederbayern-2\/","og_site_name":"Haus am Strom","article_publisher":"https:\/\/www.facebook.com\/hausamstrom","article_published_time":"2019-12-10T11:15:23+00:00","article_modified_time":"2022-08-17T09:53:19+00:00","og_image":[{"url":"https:\/\/www.hausamstrom.de\/wp-content\/uploads\/2019\/12\/IMG_8953-400x267.jpg","type":"","width":"","height":""}],"author":"Haus am Strom Redaktion","twitter_card":"summary_large_image","twitter_misc":{"Verfasst von":"Haus am Strom Redaktion","Gesch\u00e4tzte Lesezeit":"1\u00a0Minute"},"schema":{"@context":"https:\/\/schema.org","@graph":[{"@type":"Article","@id":"https:\/\/www.hausamstrom.de\/de\/botschafter-fuer-die-artenvielfalt-in-niederbayern-2\/#article","isPartOf":{"@id":"https:\/\/www.hausamstrom.de\/de\/botschafter-fuer-die-artenvielfalt-in-niederbayern-2\/"},"author":{"name":"Haus am Strom Redaktion","@id":"https:\/\/www.hausamstrom.de\/de\/#\/schema\/person\/a3b0cdb507952bbf987dca5ea1cd9bd2"},"headline":"Botschafter f\u00fcr die Artenvielfalt in Niederbayern","datePublished":"2019-12-10T11:15:23+00:00","dateModified":"2022-08-17T09:53:19+00:00","mainEntityOfPage":{"@id":"https:\/\/www.hausamstrom.de\/de\/botschafter-fuer-die-artenvielfalt-in-niederbayern-2\/"},"wordCount":254,"commentCount":0,"publisher":{"@id":"https:\/\/www.hausamstrom.de\/de\/#organization"},"image":{"@id":"https:\/\/www.hausamstrom.de\/de\/botschafter-fuer-die-artenvielfalt-in-niederbayern-2\/#primaryimage"},"thumbnailUrl":"https:\/\/www.hausamstrom.de\/wp-content\/uploads\/2019\/12\/IMG_8953-400x267.jpg","articleSection":["Sonstiges"],"inLanguage":"de","potentialAction":[{"@type":"CommentAction","name":"Comment","target":["https:\/\/www.hausamstrom.de\/de\/botschafter-fuer-die-artenvielfalt-in-niederbayern-2\/#respond"]}]},{"@type":"WebPage","@id":"https:\/\/www.hausamstrom.de\/de\/botschafter-fuer-die-artenvielfalt-in-niederbayern-2\/","url":"https:\/\/www.hausamstrom.de\/de\/botschafter-fuer-die-artenvielfalt-in-niederbayern-2\/","name":"Botschafter f\u00fcr die Artenvielfalt in Niederbayern - Haus am Strom","isPartOf":{"@id":"https:\/\/www.hausamstrom.de\/de\/#website"},"primaryImageOfPage":{"@id":"https:\/\/www.hausamstrom.de\/de\/botschafter-fuer-die-artenvielfalt-in-niederbayern-2\/#primaryimage"},"image":{"@id":"https:\/\/www.hausamstrom.de\/de\/botschafter-fuer-die-artenvielfalt-in-niederbayern-2\/#primaryimage"},"thumbnailUrl":"https:\/\/www.hausamstrom.de\/wp-content\/uploads\/2019\/12\/IMG_8953-400x267.jpg","datePublished":"2019-12-10T11:15:23+00:00","dateModified":"2022-08-17T09:53:19+00:00","breadcrumb":{"@id":"https:\/\/www.hausamstrom.de\/de\/botschafter-fuer-die-artenvielfalt-in-niederbayern-2\/#breadcrumb"},"inLanguage":"de","potentialAction":[{"@type":"ReadAction","target":["https:\/\/www.hausamstrom.de\/de\/botschafter-fuer-die-artenvielfalt-in-niederbayern-2\/"]}]},{"@type":"ImageObject","inLanguage":"de","@id":"https:\/\/www.hausamstrom.de\/de\/botschafter-fuer-die-artenvielfalt-in-niederbayern-2\/#primaryimage","url":"https:\/\/www.hausamstrom.de\/wp-content\/uploads\/2019\/12\/IMG_8953-400x267.jpg","contentUrl":"https:\/\/www.hausamstrom.de\/wp-content\/uploads\/2019\/12\/IMG_8953-400x267.jpg"},{"@type":"BreadcrumbList","@id":"https:\/\/www.hausamstrom.de\/de\/botschafter-fuer-die-artenvielfalt-in-niederbayern-2\/#breadcrumb","itemListElement":[{"@type":"ListItem","position":1,"name":"Home","item":"https:\/\/www.hausamstrom.de\/de\/"},{"@type":"ListItem","position":2,"name":"Botschafter f\u00fcr die Artenvielfalt in Niederbayern"}]},{"@type":"WebSite","@id":"https:\/\/www.hausamstrom.de\/de\/#website","url":"https:\/\/www.hausamstrom.de\/de\/","name":"Haus am Strom","description":"Umweltbildungsstation im Passauer Donautal. Umweltbildung und Naturschutz f\u00fcr Kinder und Erwachsenen.","publisher":{"@id":"https:\/\/www.hausamstrom.de\/de\/#organization"},"potentialAction":[{"@type":"SearchAction","target":{"@type":"EntryPoint","urlTemplate":"https:\/\/www.hausamstrom.de\/de\/?s={search_term_string}"},"query-input":{"@type":"PropertyValueSpecification","valueRequired":true,"valueName":"search_term_string"}}],"inLanguage":"de"},{"@type":"Organization","@id":"https:\/\/www.hausamstrom.de\/de\/#organization","name":"Haus am Strom","url":"https:\/\/www.hausamstrom.de\/de\/","logo":{"@type":"ImageObject","inLanguage":"de","@id":"https:\/\/www.hausamstrom.de\/de\/#\/schema\/logo\/image\/","url":"https:\/\/www.hausamstrom.de\/wp-content\/uploads\/2025\/06\/Logo-quadratisch-1024x1024.jpg","contentUrl":"https:\/\/www.hausamstrom.de\/wp-content\/uploads\/2025\/06\/Logo-quadratisch-1024x1024.jpg","width":1024,"height":1024,"caption":"Haus am Strom"},"image":{"@id":"https:\/\/www.hausamstrom.de\/de\/#\/schema\/logo\/image\/"},"sameAs":["https:\/\/www.facebook.com\/hausamstrom","https:\/\/www.instagram.com\/"]},{"@type":"Person","@id":"https:\/\/www.hausamstrom.de\/de\/#\/schema\/person\/a3b0cdb507952bbf987dca5ea1cd9bd2","name":"Haus am Strom Redaktion","image":{"@type":"ImageObject","inLanguage":"de","@id":"https:\/\/www.hausamstrom.de\/wp-content\/uploads\/2016\/02\/Eidechse-Loch-150x150.jpg","url":"https:\/\/www.hausamstrom.de\/wp-content\/uploads\/2016\/02\/Eidechse-Loch-150x150.jpg","contentUrl":"https:\/\/www.hausamstrom.de\/wp-content\/uploads\/2016\/02\/Eidechse-Loch-150x150.jpg","caption":"Haus am Strom Redaktion"},"url":"https:\/\/www.hausamstrom.de\/de\/author\/eidechse-has\/"}]}},"_links":{"self":[{"href":"https:\/\/www.hausamstrom.de\/de\/wp-json\/wp\/v2\/posts\/5191","targetHints":{"allow":["GET"]}}],"collection":[{"href":"https:\/\/www.hausamstrom.de\/de\/wp-json\/wp\/v2\/posts"}],"about":[{"href":"https:\/\/www.hausamstrom.de\/de\/wp-json\/wp\/v2\/types\/post"}],"author":[{"embeddable":true,"href":"https:\/\/www.hausamstrom.de\/de\/wp-json\/wp\/v2\/users\/1"}],"replies":[{"embeddable":true,"href":"https:\/\/www.hausamstrom.de\/de\/wp-json\/wp\/v2\/comments?post=5191"}],"version-history":[{"count":1,"href":"https:\/\/www.hausamstrom.de\/de\/wp-json\/wp\/v2\/posts\/5191\/revisions"}],"predecessor-version":[{"id":5192,"href":"https:\/\/www.hausamstrom.de\/de\/wp-json\/wp\/v2\/posts\/5191\/revisions\/5192"}],"wp:attachment":[{"href":"https:\/\/www.hausamstrom.de\/de\/wp-json\/wp\/v2\/media?parent=5191"}],"wp:term":[{"taxonomy":"category","embeddable":true,"href":"https:\/\/www.hausamstrom.de\/de\/wp-json\/wp\/v2\/categories?post=5191"},{"taxonomy":"post_tag","embeddable":true,"href":"https:\/\/www.hausamstrom.de\/de\/wp-json\/wp\/v2\/tags?post=5191"}],"curies":[{"name":"wp","href":"https:\/\/api.w.org\/{rel}","templated":true}]}}